{"id":1960,"date":"2016-06-06T12:13:37","date_gmt":"2016-06-06T10:13:37","guid":{"rendered":"http:\/\/blog.liesdoch.de\/?p=1960"},"modified":"2016-06-06T12:13:37","modified_gmt":"2016-06-06T10:13:37","slug":"tage-der-nacht","status":"publish","type":"post","link":"https:\/\/blog.liesdoch.de\/?p=1960","title":{"rendered":"Tage der Nacht"},"content":{"rendered":"<p>&nbsp;<\/p>\n<p><a href=\"http:\/\/blog.liesdoch.de\/wp-content\/uploads\/2016\/06\/42647998z.jpg\"><img loading=\"lazy\" decoding=\"async\" class=\"alignnone size-medium wp-image-1961\" src=\"http:\/\/blog.liesdoch.de\/wp-content\/uploads\/2016\/06\/42647998z-192x300.jpg\" alt=\"42647998z\" width=\"192\" height=\"300\" srcset=\"https:\/\/blog.liesdoch.de\/wp-content\/uploads\/2016\/06\/42647998z-192x300.jpg 192w, https:\/\/blog.liesdoch.de\/wp-content\/uploads\/2016\/06\/42647998z.jpg 305w\" sizes=\"auto, (max-width: 192px) 100vw, 192px\" \/><\/a><\/p>\n<p>&nbsp;<\/p>\n<p>Yorck Kronenberg, Tage der Nacht, DTV 2016, ISBN 978-3-423-28060-0<\/p>\n<p>&nbsp;<\/p>\n<p>\u201eTage der Nacht\u201c ist der vierte Roman des 1973 geborenen Schriftstellers Yorck Kronenberg. Er erz\u00e4hlt, immer sehr geschickt zwischen Vergangenheit und\u00a0 Gegenwart wechselnd, die Geschichte von Anton, einem pensionierten Literaturwissenschaftler aus Frankfurt, der eine Tages in seinem Haus in England Opfer eines \u00dcberfalls wird. Weder er noch seine Frau erleiden einen wirklichen Schaden, doch bei Anton l\u00f6st dieser brutale Einschnitt in seinen Lebendalltag eine Art Schock aus, der die bisher verborgenen Geister seiner Vergangenheit hervorlockt.<\/p>\n<p>In einem wunderbaren Fluss und mit einer Sprache, die einen bald schon nicht mehr losl\u00e4sst, l\u00e4sst Yorck Kronenberg die Vergangenheit und die Gegenwart immer wieder ineinander flie\u00dfen und erz\u00e4hlt eine bewegende Geschichte vom Suchen, vom Verlieren und vom Finden. Von der Sehnsucht nach Halt und Geborgenheit im Leben.<\/p>\n<p>Er l\u00e4sst Anton sich als Person St\u00fcck um St\u00fcck, Erinnerung um Erinnerung langsam wieder zusammensetzen. Und er l\u00e4sst ihn\u00a0 Frieden schlie\u00dfen mit vergangenen N\u00e4chten, die seine Gegenwart verdunkelten. Das Buch zeigt, dass sich noch im hohen Alter die Auseinandersetzung mit den Br\u00fcchen des eigenen Lebens lohnt. So kann man dann auch vers\u00f6hnt und friedlich sterben.<\/p>\n<p>&nbsp;<\/p>\n<p>&nbsp;<\/p>\n<p>&nbsp;<\/p>\n","protected":false},"excerpt":{"rendered":"<p>&nbsp; &nbsp; Yorck Kronenberg, Tage der Nacht, DTV 2016, ISBN 978-3-423-28060-0 &nbsp; \u201eTage der Nacht\u201c ist der vierte Roman des 1973 geborenen Schriftstellers Yorck Kronenberg. Er erz\u00e4hlt, immer sehr geschickt zwischen Vergangenheit und\u00a0 Gegenwart wechselnd, die Geschichte von Anton, einem pensionierten Literaturwissenschaftler aus Frankfurt, der eine Tages in seinem Haus in England Opfer eines \u00dcberfalls &hellip; <a href=\"https:\/\/blog.liesdoch.de\/?p=1960\" class=\"more-link\"><span class=\"screen-reader-text\">Tage der Nacht<\/span> weiterlesen <span class=\"meta-nav\">&rarr;<\/span><\/a><\/p>\n","protected":false},"author":6,"featured_media":0,"comment_status":"open","ping_status":"open","sticky":false,"template":"","format":"standard","meta":{"footnotes":""},"categories":[1],"tags":[],"class_list":["post-1960","post","type-post","status-publish","format-standard","hentry","category-allgemein"],"_links":{"self":[{"href":"https:\/\/blog.liesdoch.de\/index.php?rest_route=\/wp\/v2\/posts\/1960","targetHints":{"allow":["GET"]}}],"collection":[{"href":"https:\/\/blog.liesdoch.de\/index.php?rest_route=\/wp\/v2\/posts"}],"about":[{"href":"https:\/\/blog.liesdoch.de\/index.php?rest_route=\/wp\/v2\/types\/post"}],"author":[{"embeddable":true,"href":"https:\/\/blog.liesdoch.de\/index.php?rest_route=\/wp\/v2\/users\/6"}],"replies":[{"embeddable":true,"href":"https:\/\/blog.liesdoch.de\/index.php?rest_route=%2Fwp%2Fv2%2Fcomments&post=1960"}],"version-history":[{"count":1,"href":"https:\/\/blog.liesdoch.de\/index.php?rest_route=\/wp\/v2\/posts\/1960\/revisions"}],"predecessor-version":[{"id":1962,"href":"https:\/\/blog.liesdoch.de\/index.php?rest_route=\/wp\/v2\/posts\/1960\/revisions\/1962"}],"wp:attachment":[{"href":"https:\/\/blog.liesdoch.de\/index.php?rest_route=%2Fwp%2Fv2%2Fmedia&parent=1960"}],"wp:term":[{"taxonomy":"category","embeddable":true,"href":"https:\/\/blog.liesdoch.de\/index.php?rest_route=%2Fwp%2Fv2%2Fcategories&post=1960"},{"taxonomy":"post_tag","embeddable":true,"href":"https:\/\/blog.liesdoch.de\/index.php?rest_route=%2Fwp%2Fv2%2Ftags&post=1960"}],"curies":[{"name":"wp","href":"https:\/\/api.w.org\/{rel}","templated":true}]}}