{"id":1966,"date":"2016-06-06T12:44:58","date_gmt":"2016-06-06T10:44:58","guid":{"rendered":"http:\/\/blog.liesdoch.de\/?p=1966"},"modified":"2016-06-06T12:44:58","modified_gmt":"2016-06-06T10:44:58","slug":"die-geschichte-vom-kleinen-siebenschlaefer-der-nicht-einschlafen-konnte","status":"publish","type":"post","link":"https:\/\/blog.liesdoch.de\/?p=1966","title":{"rendered":"Die Geschichte vom kleinen Siebenschl\u00e4fer, der nicht einschlafen konnte"},"content":{"rendered":"<p>&nbsp;<\/p>\n<p><a href=\"http:\/\/blog.liesdoch.de\/wp-content\/uploads\/2016\/06\/44092443z.jpg\"><img loading=\"lazy\" decoding=\"async\" class=\"alignnone size-medium wp-image-1967\" src=\"http:\/\/blog.liesdoch.de\/wp-content\/uploads\/2016\/06\/44092443z-300x242.jpg\" alt=\"44092443z\" width=\"300\" height=\"242\" srcset=\"https:\/\/blog.liesdoch.de\/wp-content\/uploads\/2016\/06\/44092443z-300x242.jpg 300w, https:\/\/blog.liesdoch.de\/wp-content\/uploads\/2016\/06\/44092443z.jpg 340w\" sizes=\"auto, (max-width: 300px) 100vw, 300px\" \/><\/a><\/p>\n<p>&nbsp;<\/p>\n<p>Sabine Bohlmann, Kerstin Schoene, Die Geschichte vom kleinen Siebenschl\u00e4fer, der nicht einschlafen konnte, Thienemann 2016, ISBN 978-3-522-45819-1<\/p>\n<p>&nbsp;<\/p>\n<p>Im Herbst kommt f\u00fcr die Siebenschl\u00e4fer die Zeit f\u00fcr den Winterschlaf. Normalerweise funktioniert das auch bei den kleinen Siebenschl\u00e4fern ganz gut.<\/p>\n<p>Die Mutter des kleinen Tieres, das in diesem Bilderbuch die Hauptrolle spielt und mit dem sich die das Buch anschauenden Kinder identifizieren sollen, hat daf\u00fcr auch gute Ratschl\u00e4ge:<br \/>\n\u201eEinschlafen ist gar nicht so schwer. Mach die Augen zu und denk an lauter sch\u00f6ne Dinge, und dann wirst du sehen, wie einfach das geht!\u201c<\/p>\n<p>Doch manchmal ist es halt nicht so einfach, wie die M\u00fctter sich das vorstellen oder w\u00fcnschen. Der kleine Siebenschl\u00e4fer hat echte Probleme mit dem Einschlafen. Alle Aufmunterungen der Mutter n\u00fctzen nichts. Der Fuchs schl\u00e4gt ihm vor, Sch\u00e4fchen zu z\u00e4hlen, die Nachtigall singt ihm ihr sch\u00f6nstes Lied, so lange bis sie selbst einschl\u00e4ft.<\/p>\n<p>Mit der Schnecke rennt er um den Block und die Eule erz\u00e4hlt eine Gute-Nacht-Geschichte, bis auch ihr die Augen zufallen. Es kommen noch zum Einsatz: eine Fledermaus und ein gro\u00dfer B\u00e4r, alle ohne Erfolg.<\/p>\n<p>Der kleine Siebenschl\u00e4fer beginnt schon Pl\u00e4ne zu machen, was er \u2013 wenn er denn schon nicht schlafen kann \u2013 in den sieben Monaten des Winterschlafs der anderen alles anstellen k\u00f6nnte \u2013 und in diesem Tr\u00e4umen schl\u00e4ft er ein.<\/p>\n<p>Eine sch\u00f6ne und lustig illustrierte Gute-Nacht-Geschichte f\u00fcr alle, die manchmal nicht einschlafen k\u00f6nnen.<\/p>\n","protected":false},"excerpt":{"rendered":"<p>&nbsp; &nbsp; Sabine Bohlmann, Kerstin Schoene, Die Geschichte vom kleinen Siebenschl\u00e4fer, der nicht einschlafen konnte, Thienemann 2016, ISBN 978-3-522-45819-1 &nbsp; Im Herbst kommt f\u00fcr die Siebenschl\u00e4fer die Zeit f\u00fcr den Winterschlaf. Normalerweise funktioniert das auch bei den kleinen Siebenschl\u00e4fern ganz gut. Die Mutter des kleinen Tieres, das in diesem Bilderbuch die Hauptrolle spielt und mit &hellip; <a href=\"https:\/\/blog.liesdoch.de\/?p=1966\" class=\"more-link\"><span class=\"screen-reader-text\">Die Geschichte vom kleinen Siebenschl\u00e4fer, der nicht einschlafen konnte<\/span> weiterlesen <span class=\"meta-nav\">&rarr;<\/span><\/a><\/p>\n","protected":false},"author":6,"featured_media":0,"comment_status":"open","ping_status":"open","sticky":false,"template":"","format":"standard","meta":{"footnotes":""},"categories":[1],"tags":[33,224],"class_list":["post-1966","post","type-post","status-publish","format-standard","hentry","category-allgemein","tag-bilderbuch","tag-gute-nacht-geschichte"],"_links":{"self":[{"href":"https:\/\/blog.liesdoch.de\/index.php?rest_route=\/wp\/v2\/posts\/1966","targetHints":{"allow":["GET"]}}],"collection":[{"href":"https:\/\/blog.liesdoch.de\/index.php?rest_route=\/wp\/v2\/posts"}],"about":[{"href":"https:\/\/blog.liesdoch.de\/index.php?rest_route=\/wp\/v2\/types\/post"}],"author":[{"embeddable":true,"href":"https:\/\/blog.liesdoch.de\/index.php?rest_route=\/wp\/v2\/users\/6"}],"replies":[{"embeddable":true,"href":"https:\/\/blog.liesdoch.de\/index.php?rest_route=%2Fwp%2Fv2%2Fcomments&post=1966"}],"version-history":[{"count":1,"href":"https:\/\/blog.liesdoch.de\/index.php?rest_route=\/wp\/v2\/posts\/1966\/revisions"}],"predecessor-version":[{"id":1968,"href":"https:\/\/blog.liesdoch.de\/index.php?rest_route=\/wp\/v2\/posts\/1966\/revisions\/1968"}],"wp:attachment":[{"href":"https:\/\/blog.liesdoch.de\/index.php?rest_route=%2Fwp%2Fv2%2Fmedia&parent=1966"}],"wp:term":[{"taxonomy":"category","embeddable":true,"href":"https:\/\/blog.liesdoch.de\/index.php?rest_route=%2Fwp%2Fv2%2Fcategories&post=1966"},{"taxonomy":"post_tag","embeddable":true,"href":"https:\/\/blog.liesdoch.de\/index.php?rest_route=%2Fwp%2Fv2%2Ftags&post=1966"}],"curies":[{"name":"wp","href":"https:\/\/api.w.org\/{rel}","templated":true}]}}