{"id":1982,"date":"2016-06-09T10:16:41","date_gmt":"2016-06-09T08:16:41","guid":{"rendered":"http:\/\/blog.liesdoch.de\/?p=1982"},"modified":"2016-06-09T10:16:41","modified_gmt":"2016-06-09T08:16:41","slug":"kicken-kopfstehen-klettern-das-grosse-sportwimmelbuch","status":"publish","type":"post","link":"https:\/\/blog.liesdoch.de\/?p=1982","title":{"rendered":"Kicken, Kopfstehen, Klettern. Das gro\u00dfe Sportwimmelbuch"},"content":{"rendered":"<p>&nbsp;<\/p>\n<p>&nbsp;<\/p>\n<p>&nbsp;<\/p>\n<p><a href=\"http:\/\/blog.liesdoch.de\/wp-content\/uploads\/2016\/06\/44203013z.jpg\"><img loading=\"lazy\" decoding=\"async\" class=\"alignnone size-medium wp-image-1983\" src=\"http:\/\/blog.liesdoch.de\/wp-content\/uploads\/2016\/06\/44203013z-229x300.jpg\" alt=\"44203013z\" width=\"229\" height=\"300\" srcset=\"https:\/\/blog.liesdoch.de\/wp-content\/uploads\/2016\/06\/44203013z-229x300.jpg 229w, https:\/\/blog.liesdoch.de\/wp-content\/uploads\/2016\/06\/44203013z.jpg 321w\" sizes=\"auto, (max-width: 229px) 100vw, 229px\" \/><\/a><\/p>\n<p>Marc Locatelli, Kicken, Kopfstehen, Klettern. Das gro\u00dfe Sportwimmelbuch, Orell F\u00fcssli 2016, ISBN 978-3-280-03492-7<\/p>\n<p>Das ist wirklich ein Wimmelbuch f\u00fcr die ganze Familie. Und ein richtig gutes zudem. Im Park, Im Stadion, in der Sporthalle, im Schwimmbad, im Wald, auf der Eisbahn und in den schneebedeckten Bergen -\u00fcberall gehen haupts\u00e4chlich Kinder den unterschiedlichsten k\u00f6rperlichen und sportlichen Aktivit\u00e4ten nach.<\/p>\n<p>Man mag nicht aufh\u00f6ren, zusammen mit seinen Kindern immer etwas Neues zu entdecken und zu benennen und vor allen Dingen einzelnen Personen \u00fcber die verschiedenen Seiten und Orten zu folgen und ihre Geschichte zu erfinden.<\/p>\n<p>Rotraut Susanne Berner hat das in ihren ber\u00fchmten Wimmelb\u00fcchern vorgemacht. Marc Locatelli steht ihr in nichts nach.<\/p>\n<p>Ein wunderbares Buch. Eine Schatzkiste der Entdeckungen.<\/p>\n","protected":false},"excerpt":{"rendered":"<p>&nbsp; &nbsp; &nbsp; Marc Locatelli, Kicken, Kopfstehen, Klettern. Das gro\u00dfe Sportwimmelbuch, Orell F\u00fcssli 2016, ISBN 978-3-280-03492-7 Das ist wirklich ein Wimmelbuch f\u00fcr die ganze Familie. Und ein richtig gutes zudem. Im Park, Im Stadion, in der Sporthalle, im Schwimmbad, im Wald, auf der Eisbahn und in den schneebedeckten Bergen -\u00fcberall gehen haupts\u00e4chlich Kinder den unterschiedlichsten &hellip; <a href=\"https:\/\/blog.liesdoch.de\/?p=1982\" class=\"more-link\"><span class=\"screen-reader-text\">Kicken, Kopfstehen, Klettern. Das gro\u00dfe Sportwimmelbuch<\/span> weiterlesen <span class=\"meta-nav\">&rarr;<\/span><\/a><\/p>\n","protected":false},"author":6,"featured_media":0,"comment_status":"open","ping_status":"open","sticky":false,"template":"","format":"standard","meta":{"footnotes":""},"categories":[1],"tags":[338],"class_list":["post-1982","post","type-post","status-publish","format-standard","hentry","category-allgemein","tag-wimmelbuch"],"_links":{"self":[{"href":"https:\/\/blog.liesdoch.de\/index.php?rest_route=\/wp\/v2\/posts\/1982","targetHints":{"allow":["GET"]}}],"collection":[{"href":"https:\/\/blog.liesdoch.de\/index.php?rest_route=\/wp\/v2\/posts"}],"about":[{"href":"https:\/\/blog.liesdoch.de\/index.php?rest_route=\/wp\/v2\/types\/post"}],"author":[{"embeddable":true,"href":"https:\/\/blog.liesdoch.de\/index.php?rest_route=\/wp\/v2\/users\/6"}],"replies":[{"embeddable":true,"href":"https:\/\/blog.liesdoch.de\/index.php?rest_route=%2Fwp%2Fv2%2Fcomments&post=1982"}],"version-history":[{"count":1,"href":"https:\/\/blog.liesdoch.de\/index.php?rest_route=\/wp\/v2\/posts\/1982\/revisions"}],"predecessor-version":[{"id":1984,"href":"https:\/\/blog.liesdoch.de\/index.php?rest_route=\/wp\/v2\/posts\/1982\/revisions\/1984"}],"wp:attachment":[{"href":"https:\/\/blog.liesdoch.de\/index.php?rest_route=%2Fwp%2Fv2%2Fmedia&parent=1982"}],"wp:term":[{"taxonomy":"category","embeddable":true,"href":"https:\/\/blog.liesdoch.de\/index.php?rest_route=%2Fwp%2Fv2%2Fcategories&post=1982"},{"taxonomy":"post_tag","embeddable":true,"href":"https:\/\/blog.liesdoch.de\/index.php?rest_route=%2Fwp%2Fv2%2Ftags&post=1982"}],"curies":[{"name":"wp","href":"https:\/\/api.w.org\/{rel}","templated":true}]}}