{"id":2000,"date":"2016-06-13T12:01:48","date_gmt":"2016-06-13T10:01:48","guid":{"rendered":"http:\/\/blog.liesdoch.de\/?p=2000"},"modified":"2016-06-13T12:01:48","modified_gmt":"2016-06-13T10:01:48","slug":"einer-von-uns","status":"publish","type":"post","link":"https:\/\/blog.liesdoch.de\/?p=2000","title":{"rendered":"Einer von uns"},"content":{"rendered":"<p>&nbsp;<\/p>\n<p>&nbsp;<\/p>\n<p>&nbsp;<\/p>\n<p><a href=\"http:\/\/blog.liesdoch.de\/wp-content\/uploads\/2016\/06\/43961059z.jpg\"><img loading=\"lazy\" decoding=\"async\" class=\"alignnone size-medium wp-image-2001\" src=\"http:\/\/blog.liesdoch.de\/wp-content\/uploads\/2016\/06\/43961059z-202x300.jpg\" alt=\"43961059z\" width=\"202\" height=\"300\" srcset=\"https:\/\/blog.liesdoch.de\/wp-content\/uploads\/2016\/06\/43961059z-202x300.jpg 202w, https:\/\/blog.liesdoch.de\/wp-content\/uploads\/2016\/06\/43961059z.jpg 283w\" sizes=\"auto, (max-width: 202px) 100vw, 202px\" \/><\/a><\/p>\n<p>Asne Seierstad, Einer von uns. Die Geschichte eines Massenm\u00f6rders, Kein &amp; Aber 2016, ISBN 978-3-0369-5740-1<\/p>\n<p>&nbsp;<\/p>\n<p>Als am 22. Juli 2011 Anders Behring Breivik in der Hauptstadt Oslo im Regierungsviertel und kurz danach auf der Insel Utoya insgesamt 77 meist junge Menschen t\u00f6tete, da stand ein ganzes Land unter Schock. Ein friedliches, ein wohlhabendes Land, das stolz darauf war, alle seine Probleme, insbesondere die Integration so vieler Fl\u00fcchtlinge bisher gut gemeistert zu haben.<\/p>\n<p>In einer sehr umfangreichen und von der New York Times als eines der besten zehn B\u00fccher des Jahres bezeichneten Reportage verfolgt die norwegische Journalistin Asne Seierstadt nicht nur die Lebensgeschichte des Attent\u00e4ters bis zu seiner Tat, sondern in vielen Erz\u00e4hlstr\u00e4ngen folgt sie der Lebensgeschichte der Opfer und ihrer Familien, ihrer Tr\u00e4ume und Hoffnungen und wie sie, nicht selten mit Migrationshintergrund, versuchen ihren Platz und ihre Heimat in der norwegischen Gesellschaft zu finden. \u00dcber viele Hundert Seiten und viel Jahre folgt sie deren Geschichten und gibt den Opfern und ihren Familien ein Gesicht.<\/p>\n<p>Doch auch in der hervorragend recherchierten Beschreibung des Lebenswegs von Anders Behring Breivik h\u00fctet sie sich vor Pathologisierung und D\u00e4monisierung. Immer wieder sucht sie nach den sozialen und psychologischen Hintergr\u00fcnden seiner Tat, die dadurch aber keinen Deut verst\u00e4ndlicher wird. Im Gegenteil. Dass die ganze Gesellschaft f\u00fcr eine solche Entwicklung ein St\u00fcck mit Verantwortung tr\u00e4gt, steht f\u00fcr Asne Seierstadt au\u00dfer Frage.\u00a0 Bei der Beschreibung der Quellen, die Breivik nutzte, um sein abstruses Weltbild zu formen, war ich mehr als einmal an die j\u00fcngsten Nachrichten aus unserem Land erinnert, besonders durch unabh\u00e4ngige Medien wie etwa die Huffington Post, die nachweisen, in welchem Dunstkreis rechtsradikaler und faschistischer Ideen und Haltungen sich die AfD bewegt.<\/p>\n<p>Wie gerade gestern das Massaker in Orlando gezeigt hat, ist die Tat von Breivik kein Einzelfall geblieben. Umso wertvoller scheint mir das vorliegende Buch, ein Meisterst\u00fcck der literarischen Reportage. Ein Buch, das wegen der Grausamkeit, das es beschreibt, nur sehr schwer zu verdauen ist. Das Land Norwegen hat sich l\u00e4ngst davon erholt, wie man am Ende erf\u00e4hrt, aber die betroffenen Familien werden das niemals k\u00f6nnen. Die Wunden bleiben.<\/p>\n<p>&nbsp;<\/p>\n<p>&nbsp;<\/p>\n<p>&nbsp;<\/p>\n<p>&nbsp;<\/p>\n","protected":false},"excerpt":{"rendered":"<p>&nbsp; &nbsp; &nbsp; Asne Seierstad, Einer von uns. Die Geschichte eines Massenm\u00f6rders, Kein &amp; Aber 2016, ISBN 978-3-0369-5740-1 &nbsp; Als am 22. Juli 2011 Anders Behring Breivik in der Hauptstadt Oslo im Regierungsviertel und kurz danach auf der Insel Utoya insgesamt 77 meist junge Menschen t\u00f6tete, da stand ein ganzes Land unter Schock. Ein friedliches, &hellip; <a href=\"https:\/\/blog.liesdoch.de\/?p=2000\" class=\"more-link\"><span class=\"screen-reader-text\">Einer von uns<\/span> weiterlesen <span class=\"meta-nav\">&rarr;<\/span><\/a><\/p>\n","protected":false},"author":6,"featured_media":0,"comment_status":"open","ping_status":"open","sticky":false,"template":"","format":"standard","meta":{"footnotes":""},"categories":[1],"tags":[],"class_list":["post-2000","post","type-post","status-publish","format-standard","hentry","category-allgemein"],"_links":{"self":[{"href":"https:\/\/blog.liesdoch.de\/index.php?rest_route=\/wp\/v2\/posts\/2000","targetHints":{"allow":["GET"]}}],"collection":[{"href":"https:\/\/blog.liesdoch.de\/index.php?rest_route=\/wp\/v2\/posts"}],"about":[{"href":"https:\/\/blog.liesdoch.de\/index.php?rest_route=\/wp\/v2\/types\/post"}],"author":[{"embeddable":true,"href":"https:\/\/blog.liesdoch.de\/index.php?rest_route=\/wp\/v2\/users\/6"}],"replies":[{"embeddable":true,"href":"https:\/\/blog.liesdoch.de\/index.php?rest_route=%2Fwp%2Fv2%2Fcomments&post=2000"}],"version-history":[{"count":1,"href":"https:\/\/blog.liesdoch.de\/index.php?rest_route=\/wp\/v2\/posts\/2000\/revisions"}],"predecessor-version":[{"id":2002,"href":"https:\/\/blog.liesdoch.de\/index.php?rest_route=\/wp\/v2\/posts\/2000\/revisions\/2002"}],"wp:attachment":[{"href":"https:\/\/blog.liesdoch.de\/index.php?rest_route=%2Fwp%2Fv2%2Fmedia&parent=2000"}],"wp:term":[{"taxonomy":"category","embeddable":true,"href":"https:\/\/blog.liesdoch.de\/index.php?rest_route=%2Fwp%2Fv2%2Fcategories&post=2000"},{"taxonomy":"post_tag","embeddable":true,"href":"https:\/\/blog.liesdoch.de\/index.php?rest_route=%2Fwp%2Fv2%2Ftags&post=2000"}],"curies":[{"name":"wp","href":"https:\/\/api.w.org\/{rel}","templated":true}]}}