{"id":2008,"date":"2016-06-13T13:03:04","date_gmt":"2016-06-13T11:03:04","guid":{"rendered":"http:\/\/blog.liesdoch.de\/?p=2008"},"modified":"2016-06-13T13:03:04","modified_gmt":"2016-06-13T11:03:04","slug":"das-hoecker-album","status":"publish","type":"post","link":"https:\/\/blog.liesdoch.de\/?p=2008","title":{"rendered":"Das H\u00f6cker-Album"},"content":{"rendered":"<p>&nbsp;<\/p>\n<p>&nbsp;<\/p>\n<p><a href=\"http:\/\/blog.liesdoch.de\/wp-content\/uploads\/2016\/06\/44124075z.jpg\"><img loading=\"lazy\" decoding=\"async\" class=\"alignnone size-medium wp-image-2009\" src=\"http:\/\/blog.liesdoch.de\/wp-content\/uploads\/2016\/06\/44124075z-300x294.jpg\" alt=\"44124075z\" width=\"300\" height=\"294\" srcset=\"https:\/\/blog.liesdoch.de\/wp-content\/uploads\/2016\/06\/44124075z-300x294.jpg 300w, https:\/\/blog.liesdoch.de\/wp-content\/uploads\/2016\/06\/44124075z.jpg 340w\" sizes=\"auto, (max-width: 300px) 100vw, 300px\" \/><\/a><\/p>\n<p>Christophe Busch u.a., Das H\u00f6cker-Album, Philipp von Zabern 2016, ISBN 978-3-8053-4958-1<\/p>\n<p>&nbsp;<\/p>\n<p>Von allen Konzentrationslagern der Nazis gibt es von Auschwitz\/Birkenau die meisten Fotos. Viele davon aufgenommen von Soldaten der Alliierten, nachdem sie im Januar 1945\u00a0 zu dem Lagern vorgedrungen und die \u00dcberlebenden befreit hatten. Nachdem ein ehemaliger US \u2013 amerikanischer Nachrichtenoffizier vor etwa zehn Jahren eine private Fotosammlung von Karl H\u00f6cker, dem Adjutanten der Lagerkommandanten von Auschwitz, die er in den letzten Kriegstagen an sich genommen und seither verwahrt gehakten hatte, dem &#8222;United States Holocaust Memorial Museum&#8220; \u00fcbergab wurden zum ersten Mal Bilder \u00f6ffentlich, die auch die T\u00e4ter zeigten.<\/p>\n<p>&nbsp;<\/p>\n<p>Insgesamt 116 Fotografien umfasst das H\u00f6cker-Album, unter anderen zeigen sie SS-Personal, Wachleute und zum Teil sehr hochrangige Besucher bei unterschiedlichen Freizeitaktivit\u00e4ten, unter anderem auch von Josef Mengele, von der es vorher kein Bild aus Auschwitz gegeben hat.<\/p>\n<p>&nbsp;<\/p>\n<p>Nun hat der Philipp von Zabern Verlag dieses Album in einer\u00a0 wissenschaftlich edierten Ausgabe auf Deutsch ver\u00f6ffentlicht. Insgesamt neun Aufs\u00e4tze, die dem Bildteil vornagestellt sind, erl\u00e4utern die Fotografien und die Personen und Szenen, die darauf abgebildet sind. Zu sehen sind Menschen, die gemordet haben ohne Unrechtsbewusstsein. SS-Obersturmf\u00fchrer Karl H\u00f6cker, der zu sieben Jahren Haft verurteilt wurde, sagte 1963 im Frankfurter Auschwitzprozess: &#8222;Ich habe keinem Menschen etwas zuleide getan, noch ist jemand durch mich in Auschwitz umgekommen.&#8220;<\/p>\n<p>&nbsp;<\/p>\n<p>Diese wissenschaftliche Dokumentation ist bedr\u00fcckend und beeindruckend zugleich.<\/p>\n<p>&nbsp;<\/p>\n<p>&nbsp;<\/p>\n<p>&nbsp;<\/p>\n<p>&nbsp;<\/p>\n<p>&nbsp;<\/p>\n","protected":false},"excerpt":{"rendered":"<p>&nbsp; &nbsp; Christophe Busch u.a., Das H\u00f6cker-Album, Philipp von Zabern 2016, ISBN 978-3-8053-4958-1 &nbsp; Von allen Konzentrationslagern der Nazis gibt es von Auschwitz\/Birkenau die meisten Fotos. Viele davon aufgenommen von Soldaten der Alliierten, nachdem sie im Januar 1945\u00a0 zu dem Lagern vorgedrungen und die \u00dcberlebenden befreit hatten. Nachdem ein ehemaliger US \u2013 amerikanischer Nachrichtenoffizier vor &hellip; <a href=\"https:\/\/blog.liesdoch.de\/?p=2008\" class=\"more-link\"><span class=\"screen-reader-text\">Das H\u00f6cker-Album<\/span> weiterlesen <span class=\"meta-nav\">&rarr;<\/span><\/a><\/p>\n","protected":false},"author":6,"featured_media":0,"comment_status":"open","ping_status":"open","sticky":false,"template":"","format":"standard","meta":{"footnotes":""},"categories":[1],"tags":[],"class_list":["post-2008","post","type-post","status-publish","format-standard","hentry","category-allgemein"],"_links":{"self":[{"href":"https:\/\/blog.liesdoch.de\/index.php?rest_route=\/wp\/v2\/posts\/2008","targetHints":{"allow":["GET"]}}],"collection":[{"href":"https:\/\/blog.liesdoch.de\/index.php?rest_route=\/wp\/v2\/posts"}],"about":[{"href":"https:\/\/blog.liesdoch.de\/index.php?rest_route=\/wp\/v2\/types\/post"}],"author":[{"embeddable":true,"href":"https:\/\/blog.liesdoch.de\/index.php?rest_route=\/wp\/v2\/users\/6"}],"replies":[{"embeddable":true,"href":"https:\/\/blog.liesdoch.de\/index.php?rest_route=%2Fwp%2Fv2%2Fcomments&post=2008"}],"version-history":[{"count":1,"href":"https:\/\/blog.liesdoch.de\/index.php?rest_route=\/wp\/v2\/posts\/2008\/revisions"}],"predecessor-version":[{"id":2010,"href":"https:\/\/blog.liesdoch.de\/index.php?rest_route=\/wp\/v2\/posts\/2008\/revisions\/2010"}],"wp:attachment":[{"href":"https:\/\/blog.liesdoch.de\/index.php?rest_route=%2Fwp%2Fv2%2Fmedia&parent=2008"}],"wp:term":[{"taxonomy":"category","embeddable":true,"href":"https:\/\/blog.liesdoch.de\/index.php?rest_route=%2Fwp%2Fv2%2Fcategories&post=2008"},{"taxonomy":"post_tag","embeddable":true,"href":"https:\/\/blog.liesdoch.de\/index.php?rest_route=%2Fwp%2Fv2%2Ftags&post=2008"}],"curies":[{"name":"wp","href":"https:\/\/api.w.org\/{rel}","templated":true}]}}