{"id":2016,"date":"2016-06-14T11:08:40","date_gmt":"2016-06-14T09:08:40","guid":{"rendered":"http:\/\/blog.liesdoch.de\/?p=2016"},"modified":"2016-06-14T11:08:40","modified_gmt":"2016-06-14T09:08:40","slug":"wueste-und-weite","status":"publish","type":"post","link":"https:\/\/blog.liesdoch.de\/?p=2016","title":{"rendered":"W\u00fcste und Weite"},"content":{"rendered":"<p>&nbsp;<\/p>\n<p>&nbsp;<\/p>\n<p><a href=\"http:\/\/blog.liesdoch.de\/wp-content\/uploads\/2016\/06\/44310409z.jpg\"><img loading=\"lazy\" decoding=\"async\" class=\"alignnone size-medium wp-image-2017\" src=\"http:\/\/blog.liesdoch.de\/wp-content\/uploads\/2016\/06\/44310409z-300x217.jpg\" alt=\"44310409z\" width=\"300\" height=\"217\" srcset=\"https:\/\/blog.liesdoch.de\/wp-content\/uploads\/2016\/06\/44310409z-300x217.jpg 300w, https:\/\/blog.liesdoch.de\/wp-content\/uploads\/2016\/06\/44310409z.jpg 340w\" sizes=\"auto, (max-width: 300px) 100vw, 300px\" \/><\/a><\/p>\n<p>J\u00fcrgen Werth, Micha Pawlitzki, W\u00fcste und Weite, Adeo 2016, ISBN 978-3-86334-094-0<\/p>\n<p>&nbsp;<\/p>\n<p>In den letzten Jahren zunehmend und durch die Digitalisierung der Gesellschaft mit Email und Smartphone, sind die meisten Menschen immer auf Empfang. Immer erreichbar, ohne Ruhe. Permanenter Erregungszustand. Da kommt nicht nur der K\u00f6rper mit seinen Ruhebed\u00fcrfnissen auf Dauer zu kurz, sondern erst recht die Seele.<\/p>\n<p>&nbsp;<\/p>\n<p>Manchen Menschen gelingt es dennoch, immer einmal wieder sich zur\u00fcckzuziehen und in der Einsamkeit die Stille zu suchen. Und so schaffen sie es, sich nicht zu verlieren.<\/p>\n<p>&nbsp;<\/p>\n<p>Der vorliegende Kalender, den Micha Pawlitzki fotografiert und zu dem J\u00fcrgen Werth spirituell-poetische Texte geschrieben hat, zeigt Motive von W\u00fcstenlandschaften dieser Welt, haupts\u00e4chlich aus den US\u00c1. Motive voller Weite und Tiefe zugleich.<\/p>\n<p>&nbsp;<\/p>\n<p>J\u00fcrgen Werths Texte handeln davon, was im Leben wirklich z\u00e4hlt. Sie laden ein, sich ganz auf das Bild einzulassen. Einmal am Tag, gerne im B\u00fcro, davorstehen und sich auf Texte wie diesen einlassen:<\/p>\n<p>\u201eManchmal muss ich die W\u00fcste suchen, Freiwillig. Aussteigen aus der Daueroase des Lebens. Dem l\u00e4rmenden Getriebe des Alltags entfliehen. Verzichten. Fasten. Still werden. Damit ich mich nicht verliere. Die Mitte nicht. Das Leben nicht. Gott nicht.\u201c<\/p>\n<p>&nbsp;<\/p>\n<p>Ein sch\u00f6nes Geschenk f\u00fcr Menschen, die sich danach sehnen, noch etwas anderes zu sp\u00fcren \u2013 das, was dahinter ist.<\/p>\n<p>&nbsp;<\/p>\n<p>&nbsp;<\/p>\n<p>&nbsp;<\/p>\n<p>&nbsp;<\/p>\n","protected":false},"excerpt":{"rendered":"<p>&nbsp; &nbsp; J\u00fcrgen Werth, Micha Pawlitzki, W\u00fcste und Weite, Adeo 2016, ISBN 978-3-86334-094-0 &nbsp; In den letzten Jahren zunehmend und durch die Digitalisierung der Gesellschaft mit Email und Smartphone, sind die meisten Menschen immer auf Empfang. Immer erreichbar, ohne Ruhe. Permanenter Erregungszustand. Da kommt nicht nur der K\u00f6rper mit seinen Ruhebed\u00fcrfnissen auf Dauer zu kurz, &hellip; <a href=\"https:\/\/blog.liesdoch.de\/?p=2016\" class=\"more-link\"><span class=\"screen-reader-text\">W\u00fcste und Weite<\/span> weiterlesen <span class=\"meta-nav\">&rarr;<\/span><\/a><\/p>\n","protected":false},"author":6,"featured_media":0,"comment_status":"open","ping_status":"open","sticky":false,"template":"","format":"standard","meta":{"footnotes":""},"categories":[1],"tags":[138],"class_list":["post-2016","post","type-post","status-publish","format-standard","hentry","category-allgemein","tag-kalender"],"_links":{"self":[{"href":"https:\/\/blog.liesdoch.de\/index.php?rest_route=\/wp\/v2\/posts\/2016","targetHints":{"allow":["GET"]}}],"collection":[{"href":"https:\/\/blog.liesdoch.de\/index.php?rest_route=\/wp\/v2\/posts"}],"about":[{"href":"https:\/\/blog.liesdoch.de\/index.php?rest_route=\/wp\/v2\/types\/post"}],"author":[{"embeddable":true,"href":"https:\/\/blog.liesdoch.de\/index.php?rest_route=\/wp\/v2\/users\/6"}],"replies":[{"embeddable":true,"href":"https:\/\/blog.liesdoch.de\/index.php?rest_route=%2Fwp%2Fv2%2Fcomments&post=2016"}],"version-history":[{"count":1,"href":"https:\/\/blog.liesdoch.de\/index.php?rest_route=\/wp\/v2\/posts\/2016\/revisions"}],"predecessor-version":[{"id":2018,"href":"https:\/\/blog.liesdoch.de\/index.php?rest_route=\/wp\/v2\/posts\/2016\/revisions\/2018"}],"wp:attachment":[{"href":"https:\/\/blog.liesdoch.de\/index.php?rest_route=%2Fwp%2Fv2%2Fmedia&parent=2016"}],"wp:term":[{"taxonomy":"category","embeddable":true,"href":"https:\/\/blog.liesdoch.de\/index.php?rest_route=%2Fwp%2Fv2%2Fcategories&post=2016"},{"taxonomy":"post_tag","embeddable":true,"href":"https:\/\/blog.liesdoch.de\/index.php?rest_route=%2Fwp%2Fv2%2Ftags&post=2016"}],"curies":[{"name":"wp","href":"https:\/\/api.w.org\/{rel}","templated":true}]}}