{"id":2064,"date":"2016-06-17T12:40:00","date_gmt":"2016-06-17T10:40:00","guid":{"rendered":"http:\/\/blog.liesdoch.de\/?p=2064"},"modified":"2016-06-17T12:40:00","modified_gmt":"2016-06-17T10:40:00","slug":"bin-am-meer-2017","status":"publish","type":"post","link":"https:\/\/blog.liesdoch.de\/?p=2064","title":{"rendered":"Bin am Meer 2017"},"content":{"rendered":"<p>&nbsp;<\/p>\n<p>&nbsp;<\/p>\n<p><a href=\"http:\/\/blog.liesdoch.de\/wp-content\/uploads\/2016\/06\/44310568z.jpg\"><img loading=\"lazy\" decoding=\"async\" class=\"alignnone size-medium wp-image-2065\" src=\"http:\/\/blog.liesdoch.de\/wp-content\/uploads\/2016\/06\/44310568z-300x219.jpg\" alt=\"44310568z\" width=\"300\" height=\"219\" srcset=\"https:\/\/blog.liesdoch.de\/wp-content\/uploads\/2016\/06\/44310568z-300x219.jpg 300w, https:\/\/blog.liesdoch.de\/wp-content\/uploads\/2016\/06\/44310568z.jpg 340w\" sizes=\"auto, (max-width: 300px) 100vw, 300px\" \/><\/a><\/p>\n<p>&nbsp;<\/p>\n<p>Udo Schroeter, Bin am Meer, Adeo 2016, ISBN 978-3-86334-091-9<\/p>\n<p>&nbsp;<\/p>\n<p>Wunderbare, weite Fotografien von Szenen am Meer hat Udo Schroeter hier in diesem sch\u00f6nen zur Meditation und spirituellen Einkehr einladenden Wandkalender versammelt.<\/p>\n<p>Viele Motive vermitteln den Eindruck eines tiefen Horizonts, hinter dem sich immer wieder \u00fcberraschend neues Leben und neue Chancen verbergen.<\/p>\n<p>Jede Fotografie und jeden Monat hat er quasi unter ein spirituelles Motto gestellt. So schreibt er etwa im Juli unter der Abbildung reines altes Fischerhauses:<\/p>\n<p>\u201eDie Vergangenheit ist f\u00fcr viel die Welt der Wunden. Die Zukunft ist oftmals die Welt der Angst. Das Leben findet im Hier und Jetzt statt\u201c.<\/p>\n<p>Die faszinierenden Fotografien haben ebenso wie die Aphorismen unter ihnen die Kraft, den Besitzer dieses Kalenders einen ganzen Monat anzuregen, zu irritieren, zu bewegen. Leben und handeln in der Gegenwart, Loslassen alles Beschwerenden und offen sein f\u00fcr den Augenblick-\u00a0 darum geht es.<\/p>\n<p>Ein sch\u00f6nes Geschenk f\u00fcr Menschen, die sich danach sehnen, noch etwas anderes zu sp\u00fcren \u2013 das, was dahinter ist.<\/p>\n<p>&nbsp;<\/p>\n","protected":false},"excerpt":{"rendered":"<p>&nbsp; &nbsp; &nbsp; Udo Schroeter, Bin am Meer, Adeo 2016, ISBN 978-3-86334-091-9 &nbsp; Wunderbare, weite Fotografien von Szenen am Meer hat Udo Schroeter hier in diesem sch\u00f6nen zur Meditation und spirituellen Einkehr einladenden Wandkalender versammelt. Viele Motive vermitteln den Eindruck eines tiefen Horizonts, hinter dem sich immer wieder \u00fcberraschend neues Leben und neue Chancen verbergen. &hellip; <a href=\"https:\/\/blog.liesdoch.de\/?p=2064\" class=\"more-link\"><span class=\"screen-reader-text\">Bin am Meer 2017<\/span> weiterlesen <span class=\"meta-nav\">&rarr;<\/span><\/a><\/p>\n","protected":false},"author":6,"featured_media":0,"comment_status":"open","ping_status":"open","sticky":false,"template":"","format":"standard","meta":{"footnotes":""},"categories":[1],"tags":[],"class_list":["post-2064","post","type-post","status-publish","format-standard","hentry","category-allgemein"],"_links":{"self":[{"href":"https:\/\/blog.liesdoch.de\/index.php?rest_route=\/wp\/v2\/posts\/2064","targetHints":{"allow":["GET"]}}],"collection":[{"href":"https:\/\/blog.liesdoch.de\/index.php?rest_route=\/wp\/v2\/posts"}],"about":[{"href":"https:\/\/blog.liesdoch.de\/index.php?rest_route=\/wp\/v2\/types\/post"}],"author":[{"embeddable":true,"href":"https:\/\/blog.liesdoch.de\/index.php?rest_route=\/wp\/v2\/users\/6"}],"replies":[{"embeddable":true,"href":"https:\/\/blog.liesdoch.de\/index.php?rest_route=%2Fwp%2Fv2%2Fcomments&post=2064"}],"version-history":[{"count":1,"href":"https:\/\/blog.liesdoch.de\/index.php?rest_route=\/wp\/v2\/posts\/2064\/revisions"}],"predecessor-version":[{"id":2066,"href":"https:\/\/blog.liesdoch.de\/index.php?rest_route=\/wp\/v2\/posts\/2064\/revisions\/2066"}],"wp:attachment":[{"href":"https:\/\/blog.liesdoch.de\/index.php?rest_route=%2Fwp%2Fv2%2Fmedia&parent=2064"}],"wp:term":[{"taxonomy":"category","embeddable":true,"href":"https:\/\/blog.liesdoch.de\/index.php?rest_route=%2Fwp%2Fv2%2Fcategories&post=2064"},{"taxonomy":"post_tag","embeddable":true,"href":"https:\/\/blog.liesdoch.de\/index.php?rest_route=%2Fwp%2Fv2%2Ftags&post=2064"}],"curies":[{"name":"wp","href":"https:\/\/api.w.org\/{rel}","templated":true}]}}