{"id":209,"date":"2015-06-10T10:03:49","date_gmt":"2015-06-10T08:03:49","guid":{"rendered":"http:\/\/blog.liesdoch.de\/?p=209"},"modified":"2015-06-10T10:03:49","modified_gmt":"2015-06-10T08:03:49","slug":"und-taeglich-gruesst-dein-lebenstraum","status":"publish","type":"post","link":"https:\/\/blog.liesdoch.de\/?p=209","title":{"rendered":"Und t\u00e4glich gr\u00fc\u00dft dein Lebenstraum"},"content":{"rendered":"<p>&nbsp;<\/p>\n<p><a href=\"http:\/\/blog.liesdoch.de\/wp-content\/uploads\/2015\/06\/41840228n.jpg\"><img loading=\"lazy\" decoding=\"async\" class=\"alignnone size-full wp-image-210\" src=\"http:\/\/blog.liesdoch.de\/wp-content\/uploads\/2015\/06\/41840228n.jpg\" alt=\"41840228n\" width=\"162\" height=\"250\" \/><\/a><\/p>\n<p>&nbsp;<\/p>\n<p>Emanuel Koch ,Und t\u00e4glich gr\u00fc\u00dft dein Lebenstraum , Patmos 2015, ISBN 978-3-8436-0583-0<\/p>\n<p>&nbsp;<\/p>\n<p>Es ist die Angst, die uns hindert, in unserem Leben etwas zu ver\u00e4ndern. Es ist die Angst, die unsere Tr\u00e4ume und Lebenstr\u00e4ume diffamiert und herabsetzt. Es ist die Angst, die in der Lage ist, eine solche Menge an Lebensenergie zu speichern, bzw. zu fressen, dass wir mit aller Kraft unerw\u00fcnschte Lebenszust\u00e4nde aufrechterhalten, und jede sich anbahnenden Ver\u00e4nderung ausbremsen.<\/p>\n<p>Emanuel Koch, Unternehmer und Business Speaker, zeigt in seinem hier vorliegenden Buch, wie man diese in der Angst gebundene Energie befreien und einsetzen kann f\u00fcr etwas, was bisher vielleicht nur in unseren Tr\u00e4umen existierte, wenn wir sie denn zulassen konnten.<\/p>\n<p>Emanuel Koch pl\u00e4diert f\u00fcr einen sorgf\u00e4ltigen und ressourcenorientierten Umgang mit Emotionen. Gerade unangenehme Gef\u00fchle sind ein starker Motivator und m\u00f6glicherweise die eigentliche Triebfeder f\u00fcr ein erf\u00fclltes Leben. Viele Tr\u00e4ume scheitern an der eigenen Angst, an schlecht formulierten Zielen und halbfertigen Konzepten, die bestenfalls dazu dienen, die eigene Umgebung zu verunsichern.<\/p>\n<p>Es geht darum, unsere Emotionen anzunehmen. In f\u00fcnf konkreten Schritten begleitet Koch seine Leser auf einem Weg, sich selbst aus der Reserve zu locken und endlich durchzustarten. In ein Leben, das wirklich ein eigenes ist.<\/p>\n<p>&nbsp;<\/p>\n","protected":false},"excerpt":{"rendered":"<p>&nbsp; &nbsp; Emanuel Koch ,Und t\u00e4glich gr\u00fc\u00dft dein Lebenstraum , Patmos 2015, ISBN 978-3-8436-0583-0 &nbsp; Es ist die Angst, die uns hindert, in unserem Leben etwas zu ver\u00e4ndern. Es ist die Angst, die unsere Tr\u00e4ume und Lebenstr\u00e4ume diffamiert und herabsetzt. Es ist die Angst, die in der Lage ist, eine solche Menge an Lebensenergie zu &hellip; <a href=\"https:\/\/blog.liesdoch.de\/?p=209\" class=\"more-link\"><span class=\"screen-reader-text\">Und t\u00e4glich gr\u00fc\u00dft dein Lebenstraum<\/span> weiterlesen <span class=\"meta-nav\">&rarr;<\/span><\/a><\/p>\n","protected":false},"author":6,"featured_media":0,"comment_status":"open","ping_status":"open","sticky":false,"template":"","format":"standard","meta":{"footnotes":""},"categories":[1],"tags":[77,78,80,73,79],"class_list":["post-209","post","type-post","status-publish","format-standard","hentry","category-allgemein","tag-angts","tag-energie","tag-lebenstraum","tag-ratgeber","tag-ziele"],"_links":{"self":[{"href":"https:\/\/blog.liesdoch.de\/index.php?rest_route=\/wp\/v2\/posts\/209","targetHints":{"allow":["GET"]}}],"collection":[{"href":"https:\/\/blog.liesdoch.de\/index.php?rest_route=\/wp\/v2\/posts"}],"about":[{"href":"https:\/\/blog.liesdoch.de\/index.php?rest_route=\/wp\/v2\/types\/post"}],"author":[{"embeddable":true,"href":"https:\/\/blog.liesdoch.de\/index.php?rest_route=\/wp\/v2\/users\/6"}],"replies":[{"embeddable":true,"href":"https:\/\/blog.liesdoch.de\/index.php?rest_route=%2Fwp%2Fv2%2Fcomments&post=209"}],"version-history":[{"count":1,"href":"https:\/\/blog.liesdoch.de\/index.php?rest_route=\/wp\/v2\/posts\/209\/revisions"}],"predecessor-version":[{"id":211,"href":"https:\/\/blog.liesdoch.de\/index.php?rest_route=\/wp\/v2\/posts\/209\/revisions\/211"}],"wp:attachment":[{"href":"https:\/\/blog.liesdoch.de\/index.php?rest_route=%2Fwp%2Fv2%2Fmedia&parent=209"}],"wp:term":[{"taxonomy":"category","embeddable":true,"href":"https:\/\/blog.liesdoch.de\/index.php?rest_route=%2Fwp%2Fv2%2Fcategories&post=209"},{"taxonomy":"post_tag","embeddable":true,"href":"https:\/\/blog.liesdoch.de\/index.php?rest_route=%2Fwp%2Fv2%2Ftags&post=209"}],"curies":[{"name":"wp","href":"https:\/\/api.w.org\/{rel}","templated":true}]}}