{"id":2093,"date":"2016-06-24T12:52:43","date_gmt":"2016-06-24T10:52:43","guid":{"rendered":"http:\/\/blog.liesdoch.de\/?p=2093"},"modified":"2016-06-24T12:52:43","modified_gmt":"2016-06-24T10:52:43","slug":"was-sagst-du-jetzt-lieber-gott","status":"publish","type":"post","link":"https:\/\/blog.liesdoch.de\/?p=2093","title":{"rendered":"Was sagst du jetzt, lieber Gott?"},"content":{"rendered":"<p>&nbsp;<\/p>\n<p>&nbsp;<\/p>\n<p><a href=\"http:\/\/blog.liesdoch.de\/wp-content\/uploads\/2016\/06\/42986493z.jpg\"><img loading=\"lazy\" decoding=\"async\" class=\"alignnone size-medium wp-image-2094\" src=\"http:\/\/blog.liesdoch.de\/wp-content\/uploads\/2016\/06\/42986493z-211x300.jpg\" alt=\"42986493z\" width=\"211\" height=\"300\" srcset=\"https:\/\/blog.liesdoch.de\/wp-content\/uploads\/2016\/06\/42986493z-211x300.jpg 211w, https:\/\/blog.liesdoch.de\/wp-content\/uploads\/2016\/06\/42986493z.jpg 296w\" sizes=\"auto, (max-width: 211px) 100vw, 211px\" \/><\/a><\/p>\n<p>&nbsp;<\/p>\n<p>Lene Mayer-Skumanz, Was sagst du jetzt, lieber Gott, Gabriel 2016, ISBN 978-3-522-30423-8<\/p>\n<p>&nbsp;<\/p>\n<p>Dieser sehr preisg\u00fcnstige Sammelband enth\u00e4lt die schon erschienenen Einzelb\u00e4nde von Lene Mayer-Skumanz\u00a0 \u201e\u2026 wenn du meinst, lieber Gott\u201c\u00a0 und \u201eGott, ich hab einen Tipp f\u00fcr dich\u201c, die beide gleichzeitig im Januar 2012 bei Gabriel erschienen sind. Beide B\u00e4nde enthalten Mut-Spa\u00df- und Trostgeschichten.<\/p>\n<p>Im ersten Band geht es um einen kleinen Jungen namens Xaverl. Er ist um keine Frage oder \u00dcberlegung verlegen, auch und gerade nicht dem lieben Gott gegen\u00fcber, mit dem er so vieles bereden m\u00f6chte. Denn es geht ihm geh\u00f6rig auf die Nerven, was\u00a0 er an Ungerechtigkeiten in der Schule und auf dem Schulhof erlebt. Doch seine Mitteilsamkeit ist ebenso \u00fcbersch\u00e4umend, wenn er sich sehr \u00fcber etwas gefreut hat. All dies und noch viel mehr will er mit Gott teilen, und so kann er f\u00fcr viele Erwachsenen zum Vorbild werden.<\/p>\n<p>Im zweiten Band geht es um ein nicht weniger aufgewecktes M\u00e4dchen im etwa gleichen Alter wie Xaverl. Sie hei\u00dft Laura und hat eine Menge Ideen, weil sie die Welt und die Menschen um sich herum genau beobachtet und wahrnimmt. Und so kommt es, dass sie viele Tipps hat f\u00fcr den lieben Gott, insbesondere dar\u00fcber, wie er Freunden von ihr helfen und sie unterst\u00fctzen k\u00f6nnte.<\/p>\n<p>B\u00fccher f\u00fcr Kinder im Grundschulalter, die sensibilisieren f\u00fcr deren Umwelt und ihre Mitmenschen und (auch Erwachsene!) ermutigen zum einfachen Gespr\u00e4ch mit Gott.<\/p>\n<p>&nbsp;<\/p>\n<p>&nbsp;<\/p>\n<p>&nbsp;<\/p>\n<p>&nbsp;<\/p>\n","protected":false},"excerpt":{"rendered":"<p>&nbsp; &nbsp; &nbsp; Lene Mayer-Skumanz, Was sagst du jetzt, lieber Gott, Gabriel 2016, ISBN 978-3-522-30423-8 &nbsp; Dieser sehr preisg\u00fcnstige Sammelband enth\u00e4lt die schon erschienenen Einzelb\u00e4nde von Lene Mayer-Skumanz\u00a0 \u201e\u2026 wenn du meinst, lieber Gott\u201c\u00a0 und \u201eGott, ich hab einen Tipp f\u00fcr dich\u201c, die beide gleichzeitig im Januar 2012 bei Gabriel erschienen sind. Beide B\u00e4nde enthalten &hellip; <a href=\"https:\/\/blog.liesdoch.de\/?p=2093\" class=\"more-link\"><span class=\"screen-reader-text\">Was sagst du jetzt, lieber Gott?<\/span> weiterlesen <span class=\"meta-nav\">&rarr;<\/span><\/a><\/p>\n","protected":false},"author":6,"featured_media":0,"comment_status":"open","ping_status":"open","sticky":false,"template":"","format":"standard","meta":{"footnotes":""},"categories":[1],"tags":[],"class_list":["post-2093","post","type-post","status-publish","format-standard","hentry","category-allgemein"],"_links":{"self":[{"href":"https:\/\/blog.liesdoch.de\/index.php?rest_route=\/wp\/v2\/posts\/2093","targetHints":{"allow":["GET"]}}],"collection":[{"href":"https:\/\/blog.liesdoch.de\/index.php?rest_route=\/wp\/v2\/posts"}],"about":[{"href":"https:\/\/blog.liesdoch.de\/index.php?rest_route=\/wp\/v2\/types\/post"}],"author":[{"embeddable":true,"href":"https:\/\/blog.liesdoch.de\/index.php?rest_route=\/wp\/v2\/users\/6"}],"replies":[{"embeddable":true,"href":"https:\/\/blog.liesdoch.de\/index.php?rest_route=%2Fwp%2Fv2%2Fcomments&post=2093"}],"version-history":[{"count":1,"href":"https:\/\/blog.liesdoch.de\/index.php?rest_route=\/wp\/v2\/posts\/2093\/revisions"}],"predecessor-version":[{"id":2095,"href":"https:\/\/blog.liesdoch.de\/index.php?rest_route=\/wp\/v2\/posts\/2093\/revisions\/2095"}],"wp:attachment":[{"href":"https:\/\/blog.liesdoch.de\/index.php?rest_route=%2Fwp%2Fv2%2Fmedia&parent=2093"}],"wp:term":[{"taxonomy":"category","embeddable":true,"href":"https:\/\/blog.liesdoch.de\/index.php?rest_route=%2Fwp%2Fv2%2Fcategories&post=2093"},{"taxonomy":"post_tag","embeddable":true,"href":"https:\/\/blog.liesdoch.de\/index.php?rest_route=%2Fwp%2Fv2%2Ftags&post=2093"}],"curies":[{"name":"wp","href":"https:\/\/api.w.org\/{rel}","templated":true}]}}