{"id":2097,"date":"2016-06-27T12:28:36","date_gmt":"2016-06-27T10:28:36","guid":{"rendered":"http:\/\/blog.liesdoch.de\/?p=2097"},"modified":"2016-06-27T12:28:46","modified_gmt":"2016-06-27T10:28:46","slug":"wenn-der-sturm-kommt","status":"publish","type":"post","link":"https:\/\/blog.liesdoch.de\/?p=2097","title":{"rendered":"Wenn der Sturm kommt"},"content":{"rendered":"<p>&nbsp;<\/p>\n<p><a href=\"http:\/\/blog.liesdoch.de\/wp-content\/uploads\/2016\/06\/44189011z.jpg\"><img loading=\"lazy\" decoding=\"async\" class=\"alignnone size-medium wp-image-2099\" src=\"http:\/\/blog.liesdoch.de\/wp-content\/uploads\/2016\/06\/44189011z-196x300.jpg\" alt=\"44189011z\" width=\"196\" height=\"300\" srcset=\"https:\/\/blog.liesdoch.de\/wp-content\/uploads\/2016\/06\/44189011z-196x300.jpg 196w, https:\/\/blog.liesdoch.de\/wp-content\/uploads\/2016\/06\/44189011z.jpg 311w\" sizes=\"auto, (max-width: 196px) 100vw, 196px\" \/><\/a><\/p>\n<p>&nbsp;<\/p>\n<p>Tom Avery, Wenn der Sturm kommt, Beltz &amp; Gelberg 2016, ISBN 978-3-407-82108-9<\/p>\n<p>\u201eAlles wird anders, nichts bleibt wie es ist.\u201c<\/p>\n<p>Diese Einsicht und Lebensphilosophie kann als Grundlage gelten f\u00fcr die Jugendb\u00fccher von Tom Avery. Schon in seinem erfolgreichen Buch \u201eDer Schatten meines Bruders\u201c hat er in seiner Hauptfigur Kaia davon erz\u00e4hlt. Er verband von Anfang bis Ende realistische und fantastische Elemente, sodass man als Leser nie genau wusste, was seine Hauptfigur nun tats\u00e4chlich erlebte oder was sie lediglich tr\u00e4umte. Real und damit wirksam f\u00fcr das Leben ist f\u00fcr Avery immer beides. In der Sprache zwischen weichen und harten T\u00f6nen wechselnd, gelang es ihm, verschiedene Seelenzust\u00e4nde zu beschreiben und einen seelischen Heilungsprozess eines Jugendlichen eindrucksvoll zu schildern.<\/p>\n<p>Ich erw\u00e4hne das noch einmal ausdr\u00fccklich, weil fast alles auch f\u00fcr den hier vorliegenden leider bisher nicht so stark rezipierten zweiten Roman von Tom Avery gilt. Es geht um die beiden Zwillinge Jamie und Ned. Schon bald erfahren wir von Jamie, dass Ned seit der Geburt an Mukoviszidose leidet, einer unheilbare Krankheit, die seine Lebenserwartung wahrscheinlich stark begrenzt. Seit die beiden Br\u00fcder zur\u00fcckdenken k\u00f6nnen, erz\u00e4hlt der Gro\u00dfvater ihnen fantastische Geschichten \u00fcbers Meer, Geschichten voller Meerfrauen und Meerm\u00e4nnern, die Wunder vollbringen.<\/p>\n<p>Als sie eines Tages am Strand ein seltsames Meerwesen finden (Realit\u00e4t oder Fantasie?) erhofft sich Jamie die Rettung f\u00fcr seinen Bruder. Sie nennen das Wesen Leonard und insbesondere Ned entwickelt bald eine ganz besondere Beziehung zu ihm. Jamie beschreibt das ganz genau, weil er sp\u00fcrt, dass sein geliebter Bruder sich von ihm entfernt.\u00a0 Doch am Ende wird ihm deutlich warum, und auch warum das Wesen Ned tats\u00e4chlich gerettet hat. Nur nicht so, wie Jamie sich das erhoffte\u2026<\/p>\n<p>Nach \u201eDer Schatten meines Bruder\u201c wieder ein beeindruckendes, stellenweise fremdes und widerspenstiges Jugendbuch von Tom Avery.<\/p>\n<p>&nbsp;<\/p>\n<p>&nbsp;<\/p>\n","protected":false},"excerpt":{"rendered":"<p>&nbsp; &nbsp; Tom Avery, Wenn der Sturm kommt, Beltz &amp; Gelberg 2016, ISBN 978-3-407-82108-9 \u201eAlles wird anders, nichts bleibt wie es ist.\u201c Diese Einsicht und Lebensphilosophie kann als Grundlage gelten f\u00fcr die Jugendb\u00fccher von Tom Avery. Schon in seinem erfolgreichen Buch \u201eDer Schatten meines Bruders\u201c hat er in seiner Hauptfigur Kaia davon erz\u00e4hlt. Er verband &hellip; <a href=\"https:\/\/blog.liesdoch.de\/?p=2097\" class=\"more-link\"><span class=\"screen-reader-text\">Wenn der Sturm kommt<\/span> weiterlesen <span class=\"meta-nav\">&rarr;<\/span><\/a><\/p>\n","protected":false},"author":6,"featured_media":0,"comment_status":"open","ping_status":"open","sticky":false,"template":"","format":"standard","meta":{"footnotes":""},"categories":[1],"tags":[],"class_list":["post-2097","post","type-post","status-publish","format-standard","hentry","category-allgemein"],"_links":{"self":[{"href":"https:\/\/blog.liesdoch.de\/index.php?rest_route=\/wp\/v2\/posts\/2097","targetHints":{"allow":["GET"]}}],"collection":[{"href":"https:\/\/blog.liesdoch.de\/index.php?rest_route=\/wp\/v2\/posts"}],"about":[{"href":"https:\/\/blog.liesdoch.de\/index.php?rest_route=\/wp\/v2\/types\/post"}],"author":[{"embeddable":true,"href":"https:\/\/blog.liesdoch.de\/index.php?rest_route=\/wp\/v2\/users\/6"}],"replies":[{"embeddable":true,"href":"https:\/\/blog.liesdoch.de\/index.php?rest_route=%2Fwp%2Fv2%2Fcomments&post=2097"}],"version-history":[{"count":2,"href":"https:\/\/blog.liesdoch.de\/index.php?rest_route=\/wp\/v2\/posts\/2097\/revisions"}],"predecessor-version":[{"id":2100,"href":"https:\/\/blog.liesdoch.de\/index.php?rest_route=\/wp\/v2\/posts\/2097\/revisions\/2100"}],"wp:attachment":[{"href":"https:\/\/blog.liesdoch.de\/index.php?rest_route=%2Fwp%2Fv2%2Fmedia&parent=2097"}],"wp:term":[{"taxonomy":"category","embeddable":true,"href":"https:\/\/blog.liesdoch.de\/index.php?rest_route=%2Fwp%2Fv2%2Fcategories&post=2097"},{"taxonomy":"post_tag","embeddable":true,"href":"https:\/\/blog.liesdoch.de\/index.php?rest_route=%2Fwp%2Fv2%2Ftags&post=2097"}],"curies":[{"name":"wp","href":"https:\/\/api.w.org\/{rel}","templated":true}]}}