{"id":2106,"date":"2016-06-28T10:25:06","date_gmt":"2016-06-28T08:25:06","guid":{"rendered":"http:\/\/blog.liesdoch.de\/?p=2106"},"modified":"2016-06-28T10:25:06","modified_gmt":"2016-06-28T08:25:06","slug":"inventarisierung-der-macht","status":"publish","type":"post","link":"https:\/\/blog.liesdoch.de\/?p=2106","title":{"rendered":"Inventarisierung der Macht"},"content":{"rendered":"<p>&nbsp;<\/p>\n<p><a href=\"http:\/\/blog.liesdoch.de\/wp-content\/uploads\/2016\/06\/43902550z.jpg\"><img loading=\"lazy\" decoding=\"async\" class=\"alignnone size-medium wp-image-2107\" src=\"http:\/\/blog.liesdoch.de\/wp-content\/uploads\/2016\/06\/43902550z-215x300.jpg\" alt=\"43902550z\" width=\"215\" height=\"300\" srcset=\"https:\/\/blog.liesdoch.de\/wp-content\/uploads\/2016\/06\/43902550z-215x300.jpg 215w, https:\/\/blog.liesdoch.de\/wp-content\/uploads\/2016\/06\/43902550z.jpg 301w\" sizes=\"auto, (max-width: 215px) 100vw, 215px\" \/><\/a><\/p>\n<p>&nbsp;<\/p>\n<p>Annett Gr\u00f6schner, Arwed Messmer, Inventarisierung der Macht, Hatje Cantz 2016, ISBN 978-3-77574095-1<\/p>\n<p>&nbsp;<\/p>\n<p>\u201eDie Berliner Mauer aus anderer Sicht\u201c darstellen und mit unz\u00e4hligen Fotografien und wenig Worten beschreiben \u2013 das war die Absicht von Annett Gr\u00f6schner und Arwed Messmer, die das hier vorliegenden volumin\u00f6se zweib\u00e4ndige Werk herausgegeben haben.<\/p>\n<p>Die Berliner Mauer \u201eAus anderer Sicht\u201c hatten Gr\u00f6schner und Messmer bereits 2011 in einer Ausstellung und einem preisgekr\u00f6nten Vorg\u00e4ngerband pr\u00e4sentiert. 2012 schlie\u00dflich entdeckten sie eine weitere umfangreiche und bisher unver\u00f6ffentlichte Bildsammlung.<\/p>\n<p>Nun zeigen sie in einer neuen Ausstellung, die das vorliegende Werk begleitet in 1.059 Panoramen und Einzelbildern den gesamten Verlauf der Mauer um West-Berlin. Im Gegensatz zum ersten Band und zur ersten Ausstellung hat das neue Ausstellungskonzept Hinweise auf die Herkunft des Materials aufgenommen. Die Ausstellung selbst hat Werkstattcharakter, die Bilder sind teilweise auf d\u00fcnnem Papier gedruckt und mit Nadeln an die Wand gepinnt. Eine Lesesaalsituation, wie sie im Archiv gegeben ist, steht als Mittelpunkt der Arbeit im Raum. Die strenge Geheimhaltung, der diese Dokumente auszeichneten, ist aufgehoben. Das Archiv wird so zu einer regelrechten Schatzkiste, aus dem sich die K\u00fcnstler Material aneignen, um es zeitgen\u00f6ssisch und als Gegenentwurf zu einer offiziellen Geschichtsschreibung zu erz\u00e4hlen.<\/p>\n<p>Das Betrachten des Buches kann den direkten starken Eindruck, den die Ausstellung selbst auf den Betrachter aus\u00fcbt, nicht ersetzen. F\u00fcr die Nachwelt ( jede Ausstellung geht einmal zu Ende) sind die beiden B\u00e4nde jedoch von unsch\u00e4tzbarem Wert.<\/p>\n<p>&nbsp;<\/p>\n<p>&nbsp;<\/p>\n","protected":false},"excerpt":{"rendered":"<p>&nbsp; &nbsp; Annett Gr\u00f6schner, Arwed Messmer, Inventarisierung der Macht, Hatje Cantz 2016, ISBN 978-3-77574095-1 &nbsp; \u201eDie Berliner Mauer aus anderer Sicht\u201c darstellen und mit unz\u00e4hligen Fotografien und wenig Worten beschreiben \u2013 das war die Absicht von Annett Gr\u00f6schner und Arwed Messmer, die das hier vorliegenden volumin\u00f6se zweib\u00e4ndige Werk herausgegeben haben. Die Berliner Mauer \u201eAus anderer &hellip; <a href=\"https:\/\/blog.liesdoch.de\/?p=2106\" class=\"more-link\"><span class=\"screen-reader-text\">Inventarisierung der Macht<\/span> weiterlesen <span class=\"meta-nav\">&rarr;<\/span><\/a><\/p>\n","protected":false},"author":6,"featured_media":0,"comment_status":"open","ping_status":"open","sticky":false,"template":"","format":"standard","meta":{"footnotes":""},"categories":[1],"tags":[],"class_list":["post-2106","post","type-post","status-publish","format-standard","hentry","category-allgemein"],"_links":{"self":[{"href":"https:\/\/blog.liesdoch.de\/index.php?rest_route=\/wp\/v2\/posts\/2106","targetHints":{"allow":["GET"]}}],"collection":[{"href":"https:\/\/blog.liesdoch.de\/index.php?rest_route=\/wp\/v2\/posts"}],"about":[{"href":"https:\/\/blog.liesdoch.de\/index.php?rest_route=\/wp\/v2\/types\/post"}],"author":[{"embeddable":true,"href":"https:\/\/blog.liesdoch.de\/index.php?rest_route=\/wp\/v2\/users\/6"}],"replies":[{"embeddable":true,"href":"https:\/\/blog.liesdoch.de\/index.php?rest_route=%2Fwp%2Fv2%2Fcomments&post=2106"}],"version-history":[{"count":1,"href":"https:\/\/blog.liesdoch.de\/index.php?rest_route=\/wp\/v2\/posts\/2106\/revisions"}],"predecessor-version":[{"id":2108,"href":"https:\/\/blog.liesdoch.de\/index.php?rest_route=\/wp\/v2\/posts\/2106\/revisions\/2108"}],"wp:attachment":[{"href":"https:\/\/blog.liesdoch.de\/index.php?rest_route=%2Fwp%2Fv2%2Fmedia&parent=2106"}],"wp:term":[{"taxonomy":"category","embeddable":true,"href":"https:\/\/blog.liesdoch.de\/index.php?rest_route=%2Fwp%2Fv2%2Fcategories&post=2106"},{"taxonomy":"post_tag","embeddable":true,"href":"https:\/\/blog.liesdoch.de\/index.php?rest_route=%2Fwp%2Fv2%2Ftags&post=2106"}],"curies":[{"name":"wp","href":"https:\/\/api.w.org\/{rel}","templated":true}]}}