{"id":2130,"date":"2016-06-30T11:07:00","date_gmt":"2016-06-30T09:07:00","guid":{"rendered":"http:\/\/blog.liesdoch.de\/?p=2130"},"modified":"2016-06-30T11:07:00","modified_gmt":"2016-06-30T09:07:00","slug":"porsche-928","status":"publish","type":"post","link":"https:\/\/blog.liesdoch.de\/?p=2130","title":{"rendered":"Porsche 928"},"content":{"rendered":"<p>&nbsp;<\/p>\n<p>&nbsp;<\/p>\n<p><a href=\"http:\/\/blog.liesdoch.de\/wp-content\/uploads\/2016\/06\/44225641z.jpg\"><img loading=\"lazy\" decoding=\"async\" class=\"alignnone size-medium wp-image-2131\" src=\"http:\/\/blog.liesdoch.de\/wp-content\/uploads\/2016\/06\/44225641z-296x300.jpg\" alt=\"44225641z\" width=\"296\" height=\"300\" srcset=\"https:\/\/blog.liesdoch.de\/wp-content\/uploads\/2016\/06\/44225641z-296x300.jpg 296w, https:\/\/blog.liesdoch.de\/wp-content\/uploads\/2016\/06\/44225641z.jpg 470w\" sizes=\"auto, (max-width: 296px) 100vw, 296px\" \/><\/a><\/p>\n<p>&nbsp;<\/p>\n<p>Brian Long, Porsche 928. Alle Modelle von 1977 bis 1995, Delius Klasing 2016, ISBN 978-3-667-10465-6<\/p>\n<p>&nbsp;<\/p>\n<p>Das Auto, das Brian Long in diesem repr\u00e4sentativen Band aus dem Delius Klasing Verlag mit seiner ganze Entwicklungs-, Entstehungs-, Produktions- und Verkaufsgeschichte darstellt, sollte urspr\u00fcnglich ein anderes sehr erfolgreiches abl\u00f6sen. Der Porsche 928, um den es hier geht, und der von 1977 bis 1995 produziert wurde, sollte den legend\u00e4ren\u00a0 Porsche 911 langfristig ersetzen.<\/p>\n<p>&nbsp;<\/p>\n<p>Doch obwohl der 928 viel komfortabler war und tauglicher im Alltag, konnte er sich fast 20 Jahre lang nicht gegen den 911 durchsetzen, der seinerseits, als klar war, dass der 928 nicht so einschlagen w\u00fcrde wie gedacht, weiterentwickelt wurde und schlussendlich den 928 \u00fcberlebte.<\/p>\n<p>&nbsp;<\/p>\n<p>Erst viel sp\u00e4ter wurde vielen Autofreunden und -fachleuten klar, dass sie sich in der Bewertung des 928 get\u00e4uscht hatten. Seine Vorz\u00fcge traten erst hervor, als es ihn nicht mehr neu zu kaufen gab.<\/p>\n<p>&nbsp;<\/p>\n<p>Brian Longs zuerst 2009 in England erschienenes Buch rehabilitiert dieses verkannte Auto und beschreibt es unter folgenden Schwerpunkten:<\/p>\n<p>&nbsp;<\/p>\n<ul>\n<li>Einf\u00fchrung und kurze Porsche-Firmenhistorie<\/li>\n<li>\nEntwicklung des Porsche 928<\/li>\n<li>\nVerkaufsstart, Weiterentwicklung und Unterschiede im Export<\/li>\n<\/ul>\n<p>&nbsp;<\/p>\n<ul>\n<li>Technische Daten, Ausstattungen und Fahrgestellnummern in Tabellen<\/li>\n<\/ul>\n<p>&nbsp;<\/p>\n<p>F\u00fcr alle, die sich mit dem Gedanken tragen, eines der wertvollen auf dem Markt erh\u00e4ltlichen Exemplare dieses Autos zu kaufen, ist das Buch ein unverzichtbarer Ratgeber. Und f\u00fcr alle anderen Autofans sind insbesondere die Bilder eine wahre Freude.<\/p>\n<p>&nbsp;<\/p>\n<p>&nbsp;<\/p>\n","protected":false},"excerpt":{"rendered":"<p>&nbsp; &nbsp; &nbsp; Brian Long, Porsche 928. Alle Modelle von 1977 bis 1995, Delius Klasing 2016, ISBN 978-3-667-10465-6 &nbsp; Das Auto, das Brian Long in diesem repr\u00e4sentativen Band aus dem Delius Klasing Verlag mit seiner ganze Entwicklungs-, Entstehungs-, Produktions- und Verkaufsgeschichte darstellt, sollte urspr\u00fcnglich ein anderes sehr erfolgreiches abl\u00f6sen. Der Porsche 928, um den es &hellip; <a href=\"https:\/\/blog.liesdoch.de\/?p=2130\" class=\"more-link\"><span class=\"screen-reader-text\">Porsche 928<\/span> weiterlesen <span class=\"meta-nav\">&rarr;<\/span><\/a><\/p>\n","protected":false},"author":6,"featured_media":0,"comment_status":"open","ping_status":"open","sticky":false,"template":"","format":"standard","meta":{"footnotes":""},"categories":[1],"tags":[],"class_list":["post-2130","post","type-post","status-publish","format-standard","hentry","category-allgemein"],"_links":{"self":[{"href":"https:\/\/blog.liesdoch.de\/index.php?rest_route=\/wp\/v2\/posts\/2130","targetHints":{"allow":["GET"]}}],"collection":[{"href":"https:\/\/blog.liesdoch.de\/index.php?rest_route=\/wp\/v2\/posts"}],"about":[{"href":"https:\/\/blog.liesdoch.de\/index.php?rest_route=\/wp\/v2\/types\/post"}],"author":[{"embeddable":true,"href":"https:\/\/blog.liesdoch.de\/index.php?rest_route=\/wp\/v2\/users\/6"}],"replies":[{"embeddable":true,"href":"https:\/\/blog.liesdoch.de\/index.php?rest_route=%2Fwp%2Fv2%2Fcomments&post=2130"}],"version-history":[{"count":1,"href":"https:\/\/blog.liesdoch.de\/index.php?rest_route=\/wp\/v2\/posts\/2130\/revisions"}],"predecessor-version":[{"id":2132,"href":"https:\/\/blog.liesdoch.de\/index.php?rest_route=\/wp\/v2\/posts\/2130\/revisions\/2132"}],"wp:attachment":[{"href":"https:\/\/blog.liesdoch.de\/index.php?rest_route=%2Fwp%2Fv2%2Fmedia&parent=2130"}],"wp:term":[{"taxonomy":"category","embeddable":true,"href":"https:\/\/blog.liesdoch.de\/index.php?rest_route=%2Fwp%2Fv2%2Fcategories&post=2130"},{"taxonomy":"post_tag","embeddable":true,"href":"https:\/\/blog.liesdoch.de\/index.php?rest_route=%2Fwp%2Fv2%2Ftags&post=2130"}],"curies":[{"name":"wp","href":"https:\/\/api.w.org\/{rel}","templated":true}]}}