{"id":2134,"date":"2016-07-01T11:43:38","date_gmt":"2016-07-01T09:43:38","guid":{"rendered":"http:\/\/blog.liesdoch.de\/?p=2134"},"modified":"2016-07-01T11:43:38","modified_gmt":"2016-07-01T09:43:38","slug":"finsternis-in-deutschland","status":"publish","type":"post","link":"https:\/\/blog.liesdoch.de\/?p=2134","title":{"rendered":"Finsternis in Deutschland"},"content":{"rendered":"<p>&nbsp;<\/p>\n<p>&nbsp;<\/p>\n<p>&nbsp;<\/p>\n<p><a href=\"http:\/\/blog.liesdoch.de\/wp-content\/uploads\/2016\/07\/42808911z.jpg\"><img loading=\"lazy\" decoding=\"async\" class=\"alignnone size-medium wp-image-2135\" src=\"http:\/\/blog.liesdoch.de\/wp-content\/uploads\/2016\/07\/42808911z-207x300.jpg\" alt=\"42808911z\" width=\"207\" height=\"300\" srcset=\"https:\/\/blog.liesdoch.de\/wp-content\/uploads\/2016\/07\/42808911z-207x300.jpg 207w, https:\/\/blog.liesdoch.de\/wp-content\/uploads\/2016\/07\/42808911z.jpg 290w\" sizes=\"auto, (max-width: 207px) 100vw, 207px\" \/><\/a><\/p>\n<p>&nbsp;<\/p>\n<p>Ernestine Amy Buller, Finsternis in Deutschland, Elisabeth Sandmann 2016, ISBN 978-3-945543-09-2<\/p>\n<p>&nbsp;<\/p>\n<p>Siebzig Jahre hat es gedauert, bis das vorliegende Buch auf Deutsch erschienen ist. Vielleicht deshalb, weil niemals zuvor in der Nachkriegsgeschichte Deutschlands eine die Wiedergeburt rassistischer und v\u00f6lkischer Vorstellungen und Haltungen so stark gewesen ist wie heute, wo ein quer durch Europa grassierender Rechtspopulismus (das Wort beschreibt es bei weitem nicht zutreffend, was gerade in Europa geschieht) auch in Deutschland nicht haltmacht und weitaus mehr Menschen anzieht als es sich in Wahlergebnissen der AfD ausdr\u00fcckt.<\/p>\n<p>Wie ger\u00e4t ein ganzes Volk in die F\u00e4nge des Extremismus und was denken ganz normale Menschen dar\u00fcber? Diese Frage hat auch in den drei\u00dfiger Jahren des 20. Jahrhunderts die Engl\u00e4nderin Ernestine Amy Buller besch\u00e4ftigt, die zwischen 1934 und 1938 mehrfach nach Deutschland reiste, und eine Vielzahl von Gespr\u00e4chen\u00a0 mit Menschen aller Gesellschaftsschichten f\u00fchrte.<\/p>\n<p>\u201eDieses Buch beruht ausschlie\u00dflich auf tats\u00e4chlich von mir Erlebtem. Manche der geschilderten Begebenheiten stimmen bis ins kleinste Detail, bei anderen habe ich aus Gr\u00fcnden der Verschleierung Kleinigkeiten ver\u00e4ndert. Weshalb das n\u00f6tig war, d\u00fcrfte der Leserschaft unmittelbar einleuchten.\u201c<\/p>\n<p>Obwohl viele ihrer Gespr\u00e4chspartner mit Verfolgung rechnen mussten, sollten ihre \u00c4u\u00dferungen publik werden, redeten sie erstaunlich offen. Viel differenzierter als man heute annehmen w\u00fcrde, sind die Stimmen vieler dieser Zeitzeugen ein Beleg daf\u00fcr, wie auf der einen Seite sehr viel vor allem innerer Widerstand gegen die herrschende Ideologie der Nazis\u00a0 vorhanden war, auf der anderen Seite aber auch daf\u00fcr, wie stark das Regime schon in seinen Anf\u00e4ngen kritische Menschen brach und zur Anpassung zwang.<\/p>\n<p>Als ich dieses hochaktuelle Buch las, erinnerte ich an einen Besuch der Darmst\u00e4dter Inszenierung des Musicals Cabaret und eine Stelle, die ich fr\u00fcher immer \u00fcbersehen und \u00fcberh\u00f6rt hatte und die mir dieses Mal so unter die Haut ging, dass ich im Theater zu frieren begann.<\/p>\n<p>Nachdem der Nazi Ernst Ludwig der Zimmervermieterin Fr\u00e4ulein Schneider, die einen Heiratsantrag des j\u00fcdischen Kaufmanns Herrn Schulz annehmen will, unverhohlen droht und sie ihr amerikanischen Gast Clifford Bradshaw f\u00fcr die L\u00f6sung der Verlobung tadelt, singt sie eine bewegende und ber\u00fchrende Arie, in dem sie ihren jungen Gegen\u00fcber immer wieder fragt: \u201eWas w\u00fcrdest du tun?\u201c<\/p>\n<p>Und ich sa\u00df in meinem Sessel, f\u00fchlte mich angesprochen und wusste keine Antwort.<\/p>\n<p>F\u00fcr das, was sp\u00e4testens nach den sechziger Jahren undenkbar war, und das nun im Gewand des Rechtspopulismus wieder aufersteht, hat niemand unter den Intellektuellen, niemand unter den Politikern, niemand in der Zivilgesellschaft eine wirkliche Antwort.<\/p>\n<p>Und das macht mir Angst. Was das f\u00fcr unsere Kinder bedeutet, hat Heinrich Wefing in der ZEIT vom 30.6.2016 eindr\u00fccklich beschrieben.<\/p>\n<p>&nbsp;<\/p>\n<p>&nbsp;<\/p>\n","protected":false},"excerpt":{"rendered":"<p>&nbsp; &nbsp; &nbsp; &nbsp; Ernestine Amy Buller, Finsternis in Deutschland, Elisabeth Sandmann 2016, ISBN 978-3-945543-09-2 &nbsp; Siebzig Jahre hat es gedauert, bis das vorliegende Buch auf Deutsch erschienen ist. Vielleicht deshalb, weil niemals zuvor in der Nachkriegsgeschichte Deutschlands eine die Wiedergeburt rassistischer und v\u00f6lkischer Vorstellungen und Haltungen so stark gewesen ist wie heute, wo ein &hellip; <a href=\"https:\/\/blog.liesdoch.de\/?p=2134\" class=\"more-link\"><span class=\"screen-reader-text\">Finsternis in Deutschland<\/span> weiterlesen <span class=\"meta-nav\">&rarr;<\/span><\/a><\/p>\n","protected":false},"author":6,"featured_media":0,"comment_status":"open","ping_status":"open","sticky":false,"template":"","format":"standard","meta":{"footnotes":""},"categories":[1],"tags":[],"class_list":["post-2134","post","type-post","status-publish","format-standard","hentry","category-allgemein"],"_links":{"self":[{"href":"https:\/\/blog.liesdoch.de\/index.php?rest_route=\/wp\/v2\/posts\/2134","targetHints":{"allow":["GET"]}}],"collection":[{"href":"https:\/\/blog.liesdoch.de\/index.php?rest_route=\/wp\/v2\/posts"}],"about":[{"href":"https:\/\/blog.liesdoch.de\/index.php?rest_route=\/wp\/v2\/types\/post"}],"author":[{"embeddable":true,"href":"https:\/\/blog.liesdoch.de\/index.php?rest_route=\/wp\/v2\/users\/6"}],"replies":[{"embeddable":true,"href":"https:\/\/blog.liesdoch.de\/index.php?rest_route=%2Fwp%2Fv2%2Fcomments&post=2134"}],"version-history":[{"count":1,"href":"https:\/\/blog.liesdoch.de\/index.php?rest_route=\/wp\/v2\/posts\/2134\/revisions"}],"predecessor-version":[{"id":2136,"href":"https:\/\/blog.liesdoch.de\/index.php?rest_route=\/wp\/v2\/posts\/2134\/revisions\/2136"}],"wp:attachment":[{"href":"https:\/\/blog.liesdoch.de\/index.php?rest_route=%2Fwp%2Fv2%2Fmedia&parent=2134"}],"wp:term":[{"taxonomy":"category","embeddable":true,"href":"https:\/\/blog.liesdoch.de\/index.php?rest_route=%2Fwp%2Fv2%2Fcategories&post=2134"},{"taxonomy":"post_tag","embeddable":true,"href":"https:\/\/blog.liesdoch.de\/index.php?rest_route=%2Fwp%2Fv2%2Ftags&post=2134"}],"curies":[{"name":"wp","href":"https:\/\/api.w.org\/{rel}","templated":true}]}}