{"id":2186,"date":"2016-07-13T10:13:58","date_gmt":"2016-07-13T08:13:58","guid":{"rendered":"http:\/\/blog.liesdoch.de\/?p=2186"},"modified":"2016-07-13T10:13:58","modified_gmt":"2016-07-13T08:13:58","slug":"lied-der-stille","status":"publish","type":"post","link":"https:\/\/blog.liesdoch.de\/?p=2186","title":{"rendered":"Lied der Stille"},"content":{"rendered":"<p>&nbsp;<\/p>\n<p>&nbsp;<\/p>\n<p>&nbsp;<\/p>\n<p>&nbsp;<\/p>\n<p><a href=\"http:\/\/blog.liesdoch.de\/wp-content\/uploads\/2016\/07\/44344541z.jpg\"><img loading=\"lazy\" decoding=\"async\" class=\"alignnone size-medium wp-image-2187\" src=\"http:\/\/blog.liesdoch.de\/wp-content\/uploads\/2016\/07\/44344541z-241x300.jpg\" alt=\"44344541z\" width=\"241\" height=\"300\" srcset=\"https:\/\/blog.liesdoch.de\/wp-content\/uploads\/2016\/07\/44344541z-241x300.jpg 241w, https:\/\/blog.liesdoch.de\/wp-content\/uploads\/2016\/07\/44344541z.jpg 383w\" sizes=\"auto, (max-width: 241px) 100vw, 241px\" \/><\/a><\/p>\n<p>&nbsp;<\/p>\n<p>Theodore Strawinsky, Lied der Stille, Steidl 2015, ISBN 978-3-95829-128-7<\/p>\n<p>&nbsp;<\/p>\n<p>Th\u00e9odore Strawinsky wurde 1907 als Sohn des Komponisten Igor Strawinsky in Sankt Petersburg geboren. 1913 kam er mit der Familie in die Schweiz\u00a0 und lebte sp\u00e4ter in Frankreich. W\u00e4hrend des Zweiten Weltkrieges verbrachte ihn die deutsche Besatzungsmacht in ein Auslieferungslager. Mit Hilfe verschiedener Freunde, u. a. des M\u00e4zens Werner Reinhart\u00a0 kam er 1943 nach Genf in die Schweiz.<\/p>\n<p>Seine Frau war die Tochter der Genfer Malerin und Sch\u00fclerin Hodlers, St\u00e9phanie Guerzoni (1887\u20131970). Th\u00e9odore Strawinsky war Portr\u00e4tist, schuf Mosaiken, Kirchenfenster (z.\u00a0B. Christk\u00f6nigs-Kirche Fribourg), Fresken. (wikipedia)<\/p>\n<p>&nbsp;<\/p>\n<p>Schon als Kind entdeckte Theodore Strawinsky seine Liebe zur Kunst und zeigte ein erstaunliches\u00a0 Zeichentalent. Als Jugendlicher lernte er durch den Bekanntenkreis seines Vaters wichtige K\u00fcnstler kennen, die ihn\u00a0 pr\u00e4gten, darunter Braque, Picasso und Andre Derain, den er sp\u00e4ter als seinen eigentlichen \u201eLehrmeister\u201c bezeichnete.<\/p>\n<p>&nbsp;<\/p>\n<p>Ab 1930 arbeitete Strawinsky f\u00fcr verschiedene B\u00fchnen und kooperierte mit Schriftstellern, w\u00e4hrend er immer auch seine unmittelbare Umgebung zeichnerisch und malerisch festhielt: Familienmitglieder, Freunde, Wohnungen, Landschaften geh\u00f6ren zu seinen bevorzugten Sujets. In einzelnen Werkreihen umkreiste er zudem die Welt des Zirkus oder das Aktgenre.<\/p>\n<p>&nbsp;<\/p>\n<p>In einem Band anl\u00e4sslich einer Ausstellung im Kunstmuseum Appenzell, die vom 6. November 2015 bis zum 27. M\u00e4rz 2016 zu sehen war, hat der Steidl Verlag eine Auswahl von etwa 100 Stillleben, Portr\u00e4ts, Landschaften, Zeichnungen und B\u00fchnenentw\u00fcrfen zum ersten mal f\u00fcr ein deutsches Publikum aufbereitet.<\/p>\n<p>&nbsp;<\/p>\n<p>Es zeigt einen K\u00fcnstler, dessen Werke das poetische \u201eLied der Stille\u201c singen.<\/p>\n<p>&nbsp;<\/p>\n","protected":false},"excerpt":{"rendered":"<p>&nbsp; &nbsp; &nbsp; &nbsp; &nbsp; Theodore Strawinsky, Lied der Stille, Steidl 2015, ISBN 978-3-95829-128-7 &nbsp; Th\u00e9odore Strawinsky wurde 1907 als Sohn des Komponisten Igor Strawinsky in Sankt Petersburg geboren. 1913 kam er mit der Familie in die Schweiz\u00a0 und lebte sp\u00e4ter in Frankreich. W\u00e4hrend des Zweiten Weltkrieges verbrachte ihn die deutsche Besatzungsmacht in ein Auslieferungslager. &hellip; <a href=\"https:\/\/blog.liesdoch.de\/?p=2186\" class=\"more-link\"><span class=\"screen-reader-text\">Lied der Stille<\/span> weiterlesen <span class=\"meta-nav\">&rarr;<\/span><\/a><\/p>\n","protected":false},"author":6,"featured_media":0,"comment_status":"open","ping_status":"open","sticky":false,"template":"","format":"standard","meta":{"footnotes":""},"categories":[1],"tags":[],"class_list":["post-2186","post","type-post","status-publish","format-standard","hentry","category-allgemein"],"_links":{"self":[{"href":"https:\/\/blog.liesdoch.de\/index.php?rest_route=\/wp\/v2\/posts\/2186","targetHints":{"allow":["GET"]}}],"collection":[{"href":"https:\/\/blog.liesdoch.de\/index.php?rest_route=\/wp\/v2\/posts"}],"about":[{"href":"https:\/\/blog.liesdoch.de\/index.php?rest_route=\/wp\/v2\/types\/post"}],"author":[{"embeddable":true,"href":"https:\/\/blog.liesdoch.de\/index.php?rest_route=\/wp\/v2\/users\/6"}],"replies":[{"embeddable":true,"href":"https:\/\/blog.liesdoch.de\/index.php?rest_route=%2Fwp%2Fv2%2Fcomments&post=2186"}],"version-history":[{"count":1,"href":"https:\/\/blog.liesdoch.de\/index.php?rest_route=\/wp\/v2\/posts\/2186\/revisions"}],"predecessor-version":[{"id":2188,"href":"https:\/\/blog.liesdoch.de\/index.php?rest_route=\/wp\/v2\/posts\/2186\/revisions\/2188"}],"wp:attachment":[{"href":"https:\/\/blog.liesdoch.de\/index.php?rest_route=%2Fwp%2Fv2%2Fmedia&parent=2186"}],"wp:term":[{"taxonomy":"category","embeddable":true,"href":"https:\/\/blog.liesdoch.de\/index.php?rest_route=%2Fwp%2Fv2%2Fcategories&post=2186"},{"taxonomy":"post_tag","embeddable":true,"href":"https:\/\/blog.liesdoch.de\/index.php?rest_route=%2Fwp%2Fv2%2Ftags&post=2186"}],"curies":[{"name":"wp","href":"https:\/\/api.w.org\/{rel}","templated":true}]}}