{"id":2202,"date":"2016-07-19T09:03:44","date_gmt":"2016-07-19T07:03:44","guid":{"rendered":"http:\/\/blog.liesdoch.de\/?p=2202"},"modified":"2016-07-19T09:03:44","modified_gmt":"2016-07-19T07:03:44","slug":"mit-dem-zeppelin-nach-new-york","status":"publish","type":"post","link":"https:\/\/blog.liesdoch.de\/?p=2202","title":{"rendered":"Mit dem Zeppelin nach New York"},"content":{"rendered":"<p>&nbsp;<\/p>\n<p>&nbsp;<\/p>\n<p>&nbsp;<\/p>\n<p><a href=\"http:\/\/blog.liesdoch.de\/wp-content\/uploads\/2016\/07\/44906822z.jpg\"><img loading=\"lazy\" decoding=\"async\" class=\"alignnone size-medium wp-image-2203\" src=\"http:\/\/blog.liesdoch.de\/wp-content\/uploads\/2016\/07\/44906822z-220x300.jpg\" alt=\"44906822z\" width=\"220\" height=\"300\" srcset=\"https:\/\/blog.liesdoch.de\/wp-content\/uploads\/2016\/07\/44906822z-220x300.jpg 220w, https:\/\/blog.liesdoch.de\/wp-content\/uploads\/2016\/07\/44906822z.jpg 308w\" sizes=\"auto, (max-width: 220px) 100vw, 220px\" \/><\/a><\/p>\n<p>&nbsp;<\/p>\n<p>Stephan Martin Meyer, Thorwald Spangenberg, Mit dem Zeppelin nach New York, Gerstenberg 2016, ISBN 978-3-8369-5884-4<\/p>\n<p>&nbsp;<\/p>\n<p>In einem wunderbaren Sachbilderbuch f\u00fcr Kinder ab etwa sieben Jahren erz\u00e4hlen die beiden Autoren nach einer wahren Begebenheit die Geschichte des Kabinenjungen Werner Franz, der als 14-j\u00e4hriger mit der Unterst\u00fctzung seiner Eltern auf dem Zeppelin \u201eHindenburg\u201c anheuert und mit dem Luftschiff zuerst nach Rio de Janeiro und dann nach New York f\u00e4hrt, wo es dann in Lakehurst zu dem dramatischen\u00a0 Ungl\u00fcck kommt, bei dem viele Menschen ihr Leben verloren.<\/p>\n<p>&nbsp;<\/p>\n<p>Es ist nicht nur die spannenden von Stephan Martin Meyer Abenteuergeschichte eines Jungen, die kleine Leser begeistern wird, sondern auch die Illustrationen von Thorwald Spangenberg, die den Leser nicht nur \u00fcber die Orte informieren, die der Zeppelin angeflogen hat, sondern auch \u00fcber seine faszinierende Technik. So ganz nebenbei erfahren die Leser auch etwas \u00fcber die damalige Zeit, die Wirtschaftskrise und den Nationalsozialismus.<\/p>\n<p>&nbsp;<\/p>\n<p>Eine spannende und lehrreiche Reise in die Vergangenheit unterst\u00fctzt von der Zeppelin Stiftung in Friedrichshafen, wo noch heute die Zeppeline t\u00e4glich \u00fcber dem Bodensee kreisen. Ein Besuch im dortigen Museum lohnt sich auf jeden Fall, wenn man in der Gegend ist.<\/p>\n","protected":false},"excerpt":{"rendered":"<p>&nbsp; &nbsp; &nbsp; &nbsp; Stephan Martin Meyer, Thorwald Spangenberg, Mit dem Zeppelin nach New York, Gerstenberg 2016, ISBN 978-3-8369-5884-4 &nbsp; In einem wunderbaren Sachbilderbuch f\u00fcr Kinder ab etwa sieben Jahren erz\u00e4hlen die beiden Autoren nach einer wahren Begebenheit die Geschichte des Kabinenjungen Werner Franz, der als 14-j\u00e4hriger mit der Unterst\u00fctzung seiner Eltern auf dem Zeppelin &hellip; <a href=\"https:\/\/blog.liesdoch.de\/?p=2202\" class=\"more-link\"><span class=\"screen-reader-text\">Mit dem Zeppelin nach New York<\/span> weiterlesen <span class=\"meta-nav\">&rarr;<\/span><\/a><\/p>\n","protected":false},"author":6,"featured_media":0,"comment_status":"open","ping_status":"open","sticky":false,"template":"","format":"standard","meta":{"footnotes":""},"categories":[1],"tags":[],"class_list":["post-2202","post","type-post","status-publish","format-standard","hentry","category-allgemein"],"_links":{"self":[{"href":"https:\/\/blog.liesdoch.de\/index.php?rest_route=\/wp\/v2\/posts\/2202","targetHints":{"allow":["GET"]}}],"collection":[{"href":"https:\/\/blog.liesdoch.de\/index.php?rest_route=\/wp\/v2\/posts"}],"about":[{"href":"https:\/\/blog.liesdoch.de\/index.php?rest_route=\/wp\/v2\/types\/post"}],"author":[{"embeddable":true,"href":"https:\/\/blog.liesdoch.de\/index.php?rest_route=\/wp\/v2\/users\/6"}],"replies":[{"embeddable":true,"href":"https:\/\/blog.liesdoch.de\/index.php?rest_route=%2Fwp%2Fv2%2Fcomments&post=2202"}],"version-history":[{"count":1,"href":"https:\/\/blog.liesdoch.de\/index.php?rest_route=\/wp\/v2\/posts\/2202\/revisions"}],"predecessor-version":[{"id":2204,"href":"https:\/\/blog.liesdoch.de\/index.php?rest_route=\/wp\/v2\/posts\/2202\/revisions\/2204"}],"wp:attachment":[{"href":"https:\/\/blog.liesdoch.de\/index.php?rest_route=%2Fwp%2Fv2%2Fmedia&parent=2202"}],"wp:term":[{"taxonomy":"category","embeddable":true,"href":"https:\/\/blog.liesdoch.de\/index.php?rest_route=%2Fwp%2Fv2%2Fcategories&post=2202"},{"taxonomy":"post_tag","embeddable":true,"href":"https:\/\/blog.liesdoch.de\/index.php?rest_route=%2Fwp%2Fv2%2Ftags&post=2202"}],"curies":[{"name":"wp","href":"https:\/\/api.w.org\/{rel}","templated":true}]}}