{"id":2229,"date":"2016-07-20T09:05:10","date_gmt":"2016-07-20T07:05:10","guid":{"rendered":"http:\/\/blog.liesdoch.de\/?p=2229"},"modified":"2016-07-20T09:05:10","modified_gmt":"2016-07-20T07:05:10","slug":"baeume-2017","status":"publish","type":"post","link":"https:\/\/blog.liesdoch.de\/?p=2229","title":{"rendered":"B\u00e4ume 2017"},"content":{"rendered":"<p>&nbsp;<\/p>\n<p>&nbsp;<\/p>\n<p>&nbsp;<\/p>\n<p><a href=\"http:\/\/blog.liesdoch.de\/wp-content\/uploads\/2016\/07\/44362893z.jpg\"><img loading=\"lazy\" decoding=\"async\" class=\"alignnone size-medium wp-image-2230\" src=\"http:\/\/blog.liesdoch.de\/wp-content\/uploads\/2016\/07\/44362893z-300x248.jpg\" alt=\"44362893z\" width=\"300\" height=\"248\" srcset=\"https:\/\/blog.liesdoch.de\/wp-content\/uploads\/2016\/07\/44362893z-300x248.jpg 300w, https:\/\/blog.liesdoch.de\/wp-content\/uploads\/2016\/07\/44362893z.jpg 475w\" sizes=\"auto, (max-width: 300px) 100vw, 300px\" \/><\/a><\/p>\n<p>&nbsp;<\/p>\n<p>DumontKalenderverlag, B\u00e4ume 2017, Dumont Kalenderverlag 2016,ISBN 978-3-8320-3413-9<\/p>\n<p>&nbsp;<\/p>\n<p>Zw\u00f6lf gro\u00dfe, meist alte B\u00e4ume haben verschiedene Fotografen und Agenturen quer durch die Jahreszeiten f\u00fcr diesen Kalender fotografiert und ein namenloser Verlagsmitarbeiter hat diese Aufnahmen f\u00fcr den beliebten B\u00e4ume Kalender des Verlags f\u00fcr die Ausgabe 2017 zusammengestellt.<\/p>\n<p>&nbsp;<\/p>\n<p>Der Baum ist seit jeher ein m\u00e4chtiges Symbol. Oft wurden B\u00e4ume als Sinnbild g\u00f6ttlicher Wesen oder als Aufenthaltsort numinoser M\u00e4chte verehrt.\u00a0 Das j\u00e4hrliche Erneuern der Bl\u00e4tter von Laubb\u00e4ume gilt als Zeichen der Wiedergeburt des Lebens, die den Tod besiegt. Die Verbindung zwischen Wurzelwerk und Krone wird als Symbol der Verbindung zwischen Erde und Himmel gesehen.<\/p>\n<p>&nbsp;<\/p>\n<p>Die anthropomorphe Deutung des Baumes, der wie der Mensch aufrecht steht und wie dieser w\u00e4chst und vergeht, ist in den Kulturen der Menschheit weit verbreitet. Die Lyrik hat sich seines Bildes bedient z.b. Nazim Hikmet:<\/p>\n<p>Leben<br \/>\nwie ein Baum<br \/>\neinzeln und frei<br \/>\nund<br \/>\nbr\u00fcderlich<br \/>\nwie ein Wald<br \/>\ndas ist<br \/>\nunsere Sehnsucht<\/p>\n<p>&nbsp;<\/p>\n<p>Der Liedermacher Reinhard Mey hat in einem Lied, das immer wieder bei Bestattungen gew\u00fcnscht wird, den Baum mit seinem Tod in Verbindung gebracht und als Refrain gesungen:<\/p>\n<p>Wie ein Baum, den man f\u00e4llt,<br \/>\nEine \u00c4hre im Feld,<br \/>\nM\u00f6cht\u2018 ich im Stehen sterben.<\/p>\n<p>&nbsp;<\/p>\n<p>Der Baum, insbesondere der alte Baum, strahlt W\u00fcrde aus. Man sieht, was er durchgemacht hat, welchen Winden und St\u00fcrmen er getrotzt und doch immer weiter seine Wurzeln in die n\u00e4hrende Erde getrieben hat. Immer wieder hat er ausgeschlagen, auch wenn einzelne Teile von ihm schon abgestorben sind. Und er versucht Frucht zu bringen bis zuletzt. Dass das Leben weitegeht, auch wenn er fallen muss, irgendwann nach langer Zeit.<\/p>\n<p>&nbsp;<\/p>\n<p>All dies mag in dem Betrachter dieses wundersch\u00f6nen Kalenders ausgel\u00f6st werden. Bei mir jedenfalls hat es genau das getan.<\/p>\n","protected":false},"excerpt":{"rendered":"<p>&nbsp; &nbsp; &nbsp; &nbsp; DumontKalenderverlag, B\u00e4ume 2017, Dumont Kalenderverlag 2016,ISBN 978-3-8320-3413-9 &nbsp; Zw\u00f6lf gro\u00dfe, meist alte B\u00e4ume haben verschiedene Fotografen und Agenturen quer durch die Jahreszeiten f\u00fcr diesen Kalender fotografiert und ein namenloser Verlagsmitarbeiter hat diese Aufnahmen f\u00fcr den beliebten B\u00e4ume Kalender des Verlags f\u00fcr die Ausgabe 2017 zusammengestellt. &nbsp; Der Baum ist seit jeher &hellip; <a href=\"https:\/\/blog.liesdoch.de\/?p=2229\" class=\"more-link\"><span class=\"screen-reader-text\">B\u00e4ume 2017<\/span> weiterlesen <span class=\"meta-nav\">&rarr;<\/span><\/a><\/p>\n","protected":false},"author":6,"featured_media":0,"comment_status":"open","ping_status":"open","sticky":false,"template":"","format":"standard","meta":{"footnotes":""},"categories":[1],"tags":[],"class_list":["post-2229","post","type-post","status-publish","format-standard","hentry","category-allgemein"],"_links":{"self":[{"href":"https:\/\/blog.liesdoch.de\/index.php?rest_route=\/wp\/v2\/posts\/2229","targetHints":{"allow":["GET"]}}],"collection":[{"href":"https:\/\/blog.liesdoch.de\/index.php?rest_route=\/wp\/v2\/posts"}],"about":[{"href":"https:\/\/blog.liesdoch.de\/index.php?rest_route=\/wp\/v2\/types\/post"}],"author":[{"embeddable":true,"href":"https:\/\/blog.liesdoch.de\/index.php?rest_route=\/wp\/v2\/users\/6"}],"replies":[{"embeddable":true,"href":"https:\/\/blog.liesdoch.de\/index.php?rest_route=%2Fwp%2Fv2%2Fcomments&post=2229"}],"version-history":[{"count":1,"href":"https:\/\/blog.liesdoch.de\/index.php?rest_route=\/wp\/v2\/posts\/2229\/revisions"}],"predecessor-version":[{"id":2231,"href":"https:\/\/blog.liesdoch.de\/index.php?rest_route=\/wp\/v2\/posts\/2229\/revisions\/2231"}],"wp:attachment":[{"href":"https:\/\/blog.liesdoch.de\/index.php?rest_route=%2Fwp%2Fv2%2Fmedia&parent=2229"}],"wp:term":[{"taxonomy":"category","embeddable":true,"href":"https:\/\/blog.liesdoch.de\/index.php?rest_route=%2Fwp%2Fv2%2Fcategories&post=2229"},{"taxonomy":"post_tag","embeddable":true,"href":"https:\/\/blog.liesdoch.de\/index.php?rest_route=%2Fwp%2Fv2%2Ftags&post=2229"}],"curies":[{"name":"wp","href":"https:\/\/api.w.org\/{rel}","templated":true}]}}