{"id":223,"date":"2015-06-16T13:16:14","date_gmt":"2015-06-16T11:16:14","guid":{"rendered":"http:\/\/blog.liesdoch.de\/?p=223"},"modified":"2015-06-16T13:16:14","modified_gmt":"2015-06-16T11:16:14","slug":"eva-talks-adam-walks","status":"publish","type":"post","link":"https:\/\/blog.liesdoch.de\/?p=223","title":{"rendered":"Eva talks, Adam walks"},"content":{"rendered":"<p>&nbsp;<\/p>\n<p><a href=\"http:\/\/blog.liesdoch.de\/wp-content\/uploads\/2015\/06\/41850256n.jpg\"><img loading=\"lazy\" decoding=\"async\" class=\"alignnone size-full wp-image-224\" src=\"http:\/\/blog.liesdoch.de\/wp-content\/uploads\/2015\/06\/41850256n.jpg\" alt=\"41850256n\" width=\"157\" height=\"250\" \/><\/a><\/p>\n<p>Cristina Muderlak,Eva talks, Adam walks , Goldegg 2015, ISBN 978-3-902991-42-3<\/p>\n<p>&nbsp;<\/p>\n<p>Dieses Buch ist die richtige und zudem wissenschaftlich fundierte Antwort auf alle radikalen Ans\u00e4tze des Gendermainstreamings. Cristina Muderlak beschreibt mit zahlreichen Beispielen aus ihrer reichen Beratungspraxis, \u201ewie unsere Unterschiedlichkeit das Miteinander der Geschlechter st\u00e4rkt\u201c. Nicht nur in der Arbeitswelt, aber gerade dort besonders.<\/p>\n<p>Zwei Thesen sind ihrer Grundlage:<\/p>\n<p>1.Frauen und M\u00e4nner sind nicht gleich<\/p>\n<p>2.Frauen und M\u00e4nner sind gleichwertig<\/p>\n<p>Um diese Gleichberechtigung erfolgreich am Arbeitsplatz umzusetzen, braucht man keine polarisierenden Quotendebatten und einseitige Frauenf\u00f6rderung. Dieser Ansatz hat in die Irre gef\u00fchrt. Was n\u00f6tig ist, ist eine respektvolle Auseinandersetzung mit der Unterschiedlichkeit.<\/p>\n<p>Doch die Widerst\u00e4nde durch lange gepflegte Vorurteile sind gro\u00df und nach wie vor werden die gegenseitigen Vorw\u00fcrfe hin- und her geschossen. Die betriebswirtschaftlichen aber auch die psychologischen Folgen f\u00fcr die Einzelnen sind gravierend.<\/p>\n<p>Cristina Mudelak entschl\u00fcsselt mit ihrem Buch viele allt\u00e4gliche Missverst\u00e4ndnisse zwischen den Geschlechtern und zeigt, welche Folgen die Unkenntnis \u00fcber die unterschiedliche Kommunikation von Frauen und M\u00e4nner fatale Folgen hat. Frauen kommen in ihrer Karriere nicht voran und M\u00e4nner ziehen aus weibliche Botschaften die falschen Schl\u00fcsse.<\/p>\n<p>Das gut aufgebaute und verst\u00e4ndliche Buch zeigt mannigfaltige Wege auf, diesem Dilemma zum Vorteil beider zu entgehen.<\/p>\n<p>Ein Pl\u00e4doyer f\u00fcr einen f\u00fcr beide Geschlechter gewinnbringenden Dialog, der den Leser und die Leserin auch f\u00fcr das Leben und die Kommunikation in ihrer pers\u00f6nlichen Beziehung oder Ehe sensibilisiert.<\/p>\n<p>&nbsp;<\/p>\n","protected":false},"excerpt":{"rendered":"<p>&nbsp; Cristina Muderlak,Eva talks, Adam walks , Goldegg 2015, ISBN 978-3-902991-42-3 &nbsp; Dieses Buch ist die richtige und zudem wissenschaftlich fundierte Antwort auf alle radikalen Ans\u00e4tze des Gendermainstreamings. Cristina Muderlak beschreibt mit zahlreichen Beispielen aus ihrer reichen Beratungspraxis, \u201ewie unsere Unterschiedlichkeit das Miteinander der Geschlechter st\u00e4rkt\u201c. Nicht nur in der Arbeitswelt, aber gerade dort besonders. &hellip; <a href=\"https:\/\/blog.liesdoch.de\/?p=223\" class=\"more-link\"><span class=\"screen-reader-text\">Eva talks, Adam walks<\/span> weiterlesen <span class=\"meta-nav\">&rarr;<\/span><\/a><\/p>\n","protected":false},"author":6,"featured_media":0,"comment_status":"open","ping_status":"open","sticky":false,"template":"","format":"standard","meta":{"footnotes":""},"categories":[1],"tags":[86,85,83,84],"class_list":["post-223","post","type-post","status-publish","format-standard","hentry","category-allgemein","tag-beziehung","tag-dialog","tag-gender","tag-geschlechter"],"_links":{"self":[{"href":"https:\/\/blog.liesdoch.de\/index.php?rest_route=\/wp\/v2\/posts\/223","targetHints":{"allow":["GET"]}}],"collection":[{"href":"https:\/\/blog.liesdoch.de\/index.php?rest_route=\/wp\/v2\/posts"}],"about":[{"href":"https:\/\/blog.liesdoch.de\/index.php?rest_route=\/wp\/v2\/types\/post"}],"author":[{"embeddable":true,"href":"https:\/\/blog.liesdoch.de\/index.php?rest_route=\/wp\/v2\/users\/6"}],"replies":[{"embeddable":true,"href":"https:\/\/blog.liesdoch.de\/index.php?rest_route=%2Fwp%2Fv2%2Fcomments&post=223"}],"version-history":[{"count":1,"href":"https:\/\/blog.liesdoch.de\/index.php?rest_route=\/wp\/v2\/posts\/223\/revisions"}],"predecessor-version":[{"id":225,"href":"https:\/\/blog.liesdoch.de\/index.php?rest_route=\/wp\/v2\/posts\/223\/revisions\/225"}],"wp:attachment":[{"href":"https:\/\/blog.liesdoch.de\/index.php?rest_route=%2Fwp%2Fv2%2Fmedia&parent=223"}],"wp:term":[{"taxonomy":"category","embeddable":true,"href":"https:\/\/blog.liesdoch.de\/index.php?rest_route=%2Fwp%2Fv2%2Fcategories&post=223"},{"taxonomy":"post_tag","embeddable":true,"href":"https:\/\/blog.liesdoch.de\/index.php?rest_route=%2Fwp%2Fv2%2Ftags&post=223"}],"curies":[{"name":"wp","href":"https:\/\/api.w.org\/{rel}","templated":true}]}}