{"id":2237,"date":"2016-07-20T13:49:19","date_gmt":"2016-07-20T11:49:19","guid":{"rendered":"http:\/\/blog.liesdoch.de\/?p=2237"},"modified":"2016-07-20T13:49:19","modified_gmt":"2016-07-20T11:49:19","slug":"zusammen-2","status":"publish","type":"post","link":"https:\/\/blog.liesdoch.de\/?p=2237","title":{"rendered":"Zusammen"},"content":{"rendered":"<p>&nbsp;<\/p>\n<p>&nbsp;<\/p>\n<p>&nbsp;<\/p>\n<p><a href=\"http:\/\/blog.liesdoch.de\/wp-content\/uploads\/2016\/07\/44096240z.jpg\"><img loading=\"lazy\" decoding=\"async\" class=\"alignnone size-medium wp-image-2238\" src=\"http:\/\/blog.liesdoch.de\/wp-content\/uploads\/2016\/07\/44096240z-300x231.jpg\" alt=\"44096240z\" width=\"300\" height=\"231\" srcset=\"https:\/\/blog.liesdoch.de\/wp-content\/uploads\/2016\/07\/44096240z-300x231.jpg 300w, https:\/\/blog.liesdoch.de\/wp-content\/uploads\/2016\/07\/44096240z.jpg 340w\" sizes=\"auto, (max-width: 300px) 100vw, 300px\" \/><\/a><\/p>\n<p>&nbsp;<\/p>\n<p>Rainer Oberth\u00fcr, Barbara Nascimbeni, Zusammen. Die Geschichte von den Bilder- und den Wortmenschen, Gabriel 2016, ISBN 978-3-522-30432-0<\/p>\n<p>&nbsp;<\/p>\n<p>In seinem neuen Bilderbuch, zu dem Barbara Nascimbeni zauberhafte und zart kolorierte Illustrationen beigesteuert hat, besch\u00e4ftigt sich der Aachener Religionsp\u00e4dagoge Rainer Oberth\u00fcr mit der Integration von Gef\u00fchl und Verstand, zwei Polen menschlichen Geistes, die oft gegeneinander ausgespielt werden und doch nur im Wechselspiel miteinander die Menschen voranbringen.<\/p>\n<p>&nbsp;<\/p>\n<p>Er erz\u00e4hlt eine Geschichte, die einem Mythos einer alten Kultur entsprungen sein k\u00f6nnte. Da lebte in einem fernen Land weit vor unserer Zeit ein Volk, das kaum Worte kannte. Als Augenmenschen waren sie reich an Bildern, mit denen sie die Welt sahen und sich erkl\u00e4rten, aber sie konnten das, was sie sahen, nicht in Worte fassen. Und so blieben sie, obwohl sie wunderbare Bilder malen konnten, in sich und ihren Bildern gefangen. Einsam. Allein. Und je \u00e4lter sie wurden, desto mehr verloren die in der Kindheit noch strahlenden Bilder ihren Glanz. Sie verblassten und wenn die Bildermenschen starben, waren sie verschwunden. Sie gingen aus der Welt ohne Hoffnung.<\/p>\n<p>&nbsp;<\/p>\n<p>Zur selben Zeit, an einem anderen weit entfernten Ort, lebte ein Volk, das war arm an Bildern. Die Wortmenschen gingen als Sprachwesen durch die Welt wie durch einen Nebel. Mit vielen wunderbaren Worten konnten sie die Welt beschreiben, doch sie blieb ihnen immer seltsam gesichtslos.<\/p>\n<p>&nbsp;<\/p>\n<p>Den ganzen Tag redeten sie. Nur so konnten sie ihre Welt zur Sprache bringen und zum Leben erwecken. Aber ihnen fehlte jegliche Einbildung, Phantasie und bildliche Vorstellungskraft. Und so wie in dem anderen Volk &#8211; jeder blieb in seinen Worten gefangen. Einsam. Allein.<\/p>\n<p>Und auch bei ihnen verblassten die Worte mit dem Alter, verloren ihre Deutungs- und Hoffnungskraft und wurden schal. Sie gingen aus der Welt ohne Hoffnung.<\/p>\n<p>&nbsp;<\/p>\n<p>So w\u00e4re es immer geblieben, h\u00e4tten sich nicht eines Tages ein Bilderm\u00e4dchen und ein Wortjunge auf den Weg gemacht, um neue Bilder bzw.\u00a0 Worte zu finden. Sie begegnen sich im Niemandsland zwischen ihren Welten und \u00fcberwinden ihre jeweilige Sprach- und Bilderlosigkeiten. Sie lernt Worte kennen um ihr Inneres auszusprechen und er staunt \u00fcber die Kraft der Bilder, die durch das M\u00e4dchen in ihm aufsteigen. Sie lehrt ihn den Reichtum der Bilder und er ihr den Reichtum der Worte. Sie kehren heim und sorgen daf\u00fcr, dass die beiden V\u00f6lker ein gro\u00dfes Fest der Verst\u00e4ndigung feiern. Sie kommen f\u00fcr immer zusammen.<\/p>\n<p>Seither suchen die Menschen:<\/p>\n<p>\u201eSie suchen gemeinsam nach dem Sinn des Lebens.<\/p>\n<p>Sie suchen gemeinsam nach den Antworten hinter den Fragen.<\/p>\n<p>Zusammen suchen sie nach dem Unsichtbaren hinter dem Sichtbaren.<\/p>\n<p>Zusammen suchen sie nach dem Geheimnis hinter den Tatsachen der Welt.\u201c<\/p>\n<p>&nbsp;<\/p>\n<p>Ein ganz besonderes Bilderbuch mit einer poetisch- spirituellen Geschichte \u00fcber Bilder und Worte und die Vers\u00f6hnung von Verstand und Gef\u00fchl. Auch f\u00fcr Erwachsene zum Nachdenken geeignet.<\/p>\n<p>&nbsp;<\/p>\n<p>&nbsp;<\/p>\n<p>&nbsp;<\/p>\n<p>&nbsp;<\/p>\n","protected":false},"excerpt":{"rendered":"<p>&nbsp; &nbsp; &nbsp; &nbsp; Rainer Oberth\u00fcr, Barbara Nascimbeni, Zusammen. Die Geschichte von den Bilder- und den Wortmenschen, Gabriel 2016, ISBN 978-3-522-30432-0 &nbsp; In seinem neuen Bilderbuch, zu dem Barbara Nascimbeni zauberhafte und zart kolorierte Illustrationen beigesteuert hat, besch\u00e4ftigt sich der Aachener Religionsp\u00e4dagoge Rainer Oberth\u00fcr mit der Integration von Gef\u00fchl und Verstand, zwei Polen menschlichen Geistes, &hellip; <a href=\"https:\/\/blog.liesdoch.de\/?p=2237\" class=\"more-link\"><span class=\"screen-reader-text\">Zusammen<\/span> weiterlesen <span class=\"meta-nav\">&rarr;<\/span><\/a><\/p>\n","protected":false},"author":6,"featured_media":0,"comment_status":"open","ping_status":"open","sticky":false,"template":"","format":"standard","meta":{"footnotes":""},"categories":[1],"tags":[33],"class_list":["post-2237","post","type-post","status-publish","format-standard","hentry","category-allgemein","tag-bilderbuch"],"_links":{"self":[{"href":"https:\/\/blog.liesdoch.de\/index.php?rest_route=\/wp\/v2\/posts\/2237","targetHints":{"allow":["GET"]}}],"collection":[{"href":"https:\/\/blog.liesdoch.de\/index.php?rest_route=\/wp\/v2\/posts"}],"about":[{"href":"https:\/\/blog.liesdoch.de\/index.php?rest_route=\/wp\/v2\/types\/post"}],"author":[{"embeddable":true,"href":"https:\/\/blog.liesdoch.de\/index.php?rest_route=\/wp\/v2\/users\/6"}],"replies":[{"embeddable":true,"href":"https:\/\/blog.liesdoch.de\/index.php?rest_route=%2Fwp%2Fv2%2Fcomments&post=2237"}],"version-history":[{"count":1,"href":"https:\/\/blog.liesdoch.de\/index.php?rest_route=\/wp\/v2\/posts\/2237\/revisions"}],"predecessor-version":[{"id":2239,"href":"https:\/\/blog.liesdoch.de\/index.php?rest_route=\/wp\/v2\/posts\/2237\/revisions\/2239"}],"wp:attachment":[{"href":"https:\/\/blog.liesdoch.de\/index.php?rest_route=%2Fwp%2Fv2%2Fmedia&parent=2237"}],"wp:term":[{"taxonomy":"category","embeddable":true,"href":"https:\/\/blog.liesdoch.de\/index.php?rest_route=%2Fwp%2Fv2%2Fcategories&post=2237"},{"taxonomy":"post_tag","embeddable":true,"href":"https:\/\/blog.liesdoch.de\/index.php?rest_route=%2Fwp%2Fv2%2Ftags&post=2237"}],"curies":[{"name":"wp","href":"https:\/\/api.w.org\/{rel}","templated":true}]}}