{"id":2275,"date":"2016-07-23T13:54:43","date_gmt":"2016-07-23T11:54:43","guid":{"rendered":"http:\/\/blog.liesdoch.de\/?p=2275"},"modified":"2016-07-23T13:59:53","modified_gmt":"2016-07-23T11:59:53","slug":"der-kleien-fuchs-hoert-einen-mucks","status":"publish","type":"post","link":"https:\/\/blog.liesdoch.de\/?p=2275","title":{"rendered":"Der kleine Fuchs h\u00f6rt einen Mucks"},"content":{"rendered":"<p>&nbsp;<\/p>\n<p>&nbsp;<\/p>\n<p>&nbsp;<\/p>\n<p>&nbsp;<\/p>\n<p><a href=\"http:\/\/blog.liesdoch.de\/wp-content\/uploads\/2016\/07\/44931814z.jpg\"><img loading=\"lazy\" decoding=\"async\" class=\"alignnone size-medium wp-image-2276\" src=\"http:\/\/blog.liesdoch.de\/wp-content\/uploads\/2016\/07\/44931814z-300x300.jpg\" alt=\"44931814z\" width=\"300\" height=\"300\" srcset=\"https:\/\/blog.liesdoch.de\/wp-content\/uploads\/2016\/07\/44931814z-300x300.jpg 300w, https:\/\/blog.liesdoch.de\/wp-content\/uploads\/2016\/07\/44931814z-150x150.jpg 150w, https:\/\/blog.liesdoch.de\/wp-content\/uploads\/2016\/07\/44931814z.jpg 340w\" sizes=\"auto, (max-width: 300px) 100vw, 300px\" \/><\/a><\/p>\n<p>&nbsp;<\/p>\n<p>Tanja Jacobs, Der kleine Fuchs h\u00f6rt einen Mucks, Oetinger 2016, ISBN 978-3-7891-0443-5<\/p>\n<p>&nbsp;<\/p>\n<p>Ein wundersch\u00f6nes gereimtes Bilderbuch \u00fcber die innige Beziehung eines kleinen Fuchses zu seiner Mama haben Tanja Jacobs und Anne-Kristin zur Br\u00fcgge hier im Oetinger Verlag vorgestellt. In dessen Bilderbuchreihe f\u00fcr die kleinsten Kinder ab 18 Monaten wird erz\u00e4hlt von einem kleinen Fuchs, der mitten im Wald sitzt (hat er sich verlaufen?), und dort pl\u00f6tzlich einen Mucks h\u00f6rt.<\/p>\n<p>Er folgt dem Ger\u00e4usch, trifft eine Kuh, ein Schwein, einen Hahn, eine Maus und eine Eule, doch sie alle haben nicht das Ger\u00e4usch gemacht , das er geh\u00f6rt hat und das ihm so bekannt vorkam.<\/p>\n<p>\u201eDann kommt der Fuchs zu einem Ort.<\/p>\n<p>Er schnuppert und erkennt sofort:<\/p>\n<p>Ja, von hier kam dieser Mucks!<\/p>\n<p>Denn hier wohnt er mit Mama Fuchs.\u201c<\/p>\n<p>&nbsp;<\/p>\n<p>Ein sch\u00f6nes Bilderbuch f\u00fcr die Allerkleinsten und ihre M\u00fctter.<\/p>\n","protected":false},"excerpt":{"rendered":"<p>&nbsp; &nbsp; &nbsp; &nbsp; &nbsp; Tanja Jacobs, Der kleine Fuchs h\u00f6rt einen Mucks, Oetinger 2016, ISBN 978-3-7891-0443-5 &nbsp; Ein wundersch\u00f6nes gereimtes Bilderbuch \u00fcber die innige Beziehung eines kleinen Fuchses zu seiner Mama haben Tanja Jacobs und Anne-Kristin zur Br\u00fcgge hier im Oetinger Verlag vorgestellt. In dessen Bilderbuchreihe f\u00fcr die kleinsten Kinder ab 18 Monaten wird &hellip; <a href=\"https:\/\/blog.liesdoch.de\/?p=2275\" class=\"more-link\"><span class=\"screen-reader-text\">Der kleine Fuchs h\u00f6rt einen Mucks<\/span> weiterlesen <span class=\"meta-nav\">&rarr;<\/span><\/a><\/p>\n","protected":false},"author":6,"featured_media":0,"comment_status":"open","ping_status":"open","sticky":false,"template":"","format":"standard","meta":{"footnotes":""},"categories":[1],"tags":[33],"class_list":["post-2275","post","type-post","status-publish","format-standard","hentry","category-allgemein","tag-bilderbuch"],"_links":{"self":[{"href":"https:\/\/blog.liesdoch.de\/index.php?rest_route=\/wp\/v2\/posts\/2275","targetHints":{"allow":["GET"]}}],"collection":[{"href":"https:\/\/blog.liesdoch.de\/index.php?rest_route=\/wp\/v2\/posts"}],"about":[{"href":"https:\/\/blog.liesdoch.de\/index.php?rest_route=\/wp\/v2\/types\/post"}],"author":[{"embeddable":true,"href":"https:\/\/blog.liesdoch.de\/index.php?rest_route=\/wp\/v2\/users\/6"}],"replies":[{"embeddable":true,"href":"https:\/\/blog.liesdoch.de\/index.php?rest_route=%2Fwp%2Fv2%2Fcomments&post=2275"}],"version-history":[{"count":2,"href":"https:\/\/blog.liesdoch.de\/index.php?rest_route=\/wp\/v2\/posts\/2275\/revisions"}],"predecessor-version":[{"id":2279,"href":"https:\/\/blog.liesdoch.de\/index.php?rest_route=\/wp\/v2\/posts\/2275\/revisions\/2279"}],"wp:attachment":[{"href":"https:\/\/blog.liesdoch.de\/index.php?rest_route=%2Fwp%2Fv2%2Fmedia&parent=2275"}],"wp:term":[{"taxonomy":"category","embeddable":true,"href":"https:\/\/blog.liesdoch.de\/index.php?rest_route=%2Fwp%2Fv2%2Fcategories&post=2275"},{"taxonomy":"post_tag","embeddable":true,"href":"https:\/\/blog.liesdoch.de\/index.php?rest_route=%2Fwp%2Fv2%2Ftags&post=2275"}],"curies":[{"name":"wp","href":"https:\/\/api.w.org\/{rel}","templated":true}]}}