{"id":2289,"date":"2016-07-25T11:12:08","date_gmt":"2016-07-25T09:12:08","guid":{"rendered":"http:\/\/blog.liesdoch.de\/?p=2289"},"modified":"2016-07-25T11:12:08","modified_gmt":"2016-07-25T09:12:08","slug":"welches-pferd-heisst-gerd","status":"publish","type":"post","link":"https:\/\/blog.liesdoch.de\/?p=2289","title":{"rendered":"Welches Pferd hei\u00dft Gerd?"},"content":{"rendered":"<p>&nbsp;<\/p>\n<p>&nbsp;<\/p>\n<p>&nbsp;<\/p>\n<p><a href=\"http:\/\/blog.liesdoch.de\/wp-content\/uploads\/2016\/07\/44117064z.jpg\"><img loading=\"lazy\" decoding=\"async\" class=\"alignnone size-medium wp-image-2290\" src=\"http:\/\/blog.liesdoch.de\/wp-content\/uploads\/2016\/07\/44117064z-294x300.jpg\" alt=\"44117064z\" width=\"294\" height=\"300\" srcset=\"https:\/\/blog.liesdoch.de\/wp-content\/uploads\/2016\/07\/44117064z-294x300.jpg 294w, https:\/\/blog.liesdoch.de\/wp-content\/uploads\/2016\/07\/44117064z.jpg 340w\" sizes=\"auto, (max-width: 294px) 100vw, 294px\" \/><\/a><\/p>\n<p>&nbsp;<\/p>\n<p>Kathrin Wessel, Anne-Kristin zur Br\u00fcgge, Welches Pferd hei\u00dft Gerd, Oetinger 2016, ISBN 978-3-7891-2455-6<\/p>\n<p>&nbsp;<\/p>\n<p>In der Bilderbuchreihe f\u00fcr Kinder ab zweieinhalb Jahren des Oetinger Verlags haben Kathrin Wessel und die Illustratorin Anne-Kristin zur Br\u00fcgge ein sch\u00f6nes, gereimtes und in der zeichnerischen Umsetzung seiner Thematik sehr originelles Bilderbuch vorgelegt.<\/p>\n<p>&nbsp;<\/p>\n<p>Es geht darum, dass jedes Wesen einzigartig wunderbar ist.<\/p>\n<p>\u201eGenau wie jeder andere sein?<\/p>\n<p>N\u00f6! Da sagen wir laut: \u2018Nein!\u2018<\/p>\n<p>Jeder ist- das ist doch klar-,<\/p>\n<p>so wie er ist, ganz wunderbar.\u201c<\/p>\n<p>Auf sieben Doppelseiten werden jeweils viele Exemplare einer Tierart abgebildet, die alle unterschiedlich aussehen. Und jeweils einer, der einen Namen tr\u00e4gt, muss von den Kindern nach einer gereimten Beschreibung identifiziert werden, etwa: \u201eWelches Pferd hei\u00dft Gerd?\u201c<\/p>\n<p>&nbsp;<\/p>\n<p>Das wird Kindern gro\u00dfen Spa\u00df machen und ihnen vermitteln, dass auch sie selbst \u201eeinzigartig wunderbar\u201c sind.<\/p>\n","protected":false},"excerpt":{"rendered":"<p>&nbsp; &nbsp; &nbsp; &nbsp; Kathrin Wessel, Anne-Kristin zur Br\u00fcgge, Welches Pferd hei\u00dft Gerd, Oetinger 2016, ISBN 978-3-7891-2455-6 &nbsp; In der Bilderbuchreihe f\u00fcr Kinder ab zweieinhalb Jahren des Oetinger Verlags haben Kathrin Wessel und die Illustratorin Anne-Kristin zur Br\u00fcgge ein sch\u00f6nes, gereimtes und in der zeichnerischen Umsetzung seiner Thematik sehr originelles Bilderbuch vorgelegt. &nbsp; Es geht &hellip; <a href=\"https:\/\/blog.liesdoch.de\/?p=2289\" class=\"more-link\"><span class=\"screen-reader-text\">Welches Pferd hei\u00dft Gerd?<\/span> weiterlesen <span class=\"meta-nav\">&rarr;<\/span><\/a><\/p>\n","protected":false},"author":6,"featured_media":0,"comment_status":"open","ping_status":"open","sticky":false,"template":"","format":"standard","meta":{"footnotes":""},"categories":[1],"tags":[33],"class_list":["post-2289","post","type-post","status-publish","format-standard","hentry","category-allgemein","tag-bilderbuch"],"_links":{"self":[{"href":"https:\/\/blog.liesdoch.de\/index.php?rest_route=\/wp\/v2\/posts\/2289","targetHints":{"allow":["GET"]}}],"collection":[{"href":"https:\/\/blog.liesdoch.de\/index.php?rest_route=\/wp\/v2\/posts"}],"about":[{"href":"https:\/\/blog.liesdoch.de\/index.php?rest_route=\/wp\/v2\/types\/post"}],"author":[{"embeddable":true,"href":"https:\/\/blog.liesdoch.de\/index.php?rest_route=\/wp\/v2\/users\/6"}],"replies":[{"embeddable":true,"href":"https:\/\/blog.liesdoch.de\/index.php?rest_route=%2Fwp%2Fv2%2Fcomments&post=2289"}],"version-history":[{"count":1,"href":"https:\/\/blog.liesdoch.de\/index.php?rest_route=\/wp\/v2\/posts\/2289\/revisions"}],"predecessor-version":[{"id":2291,"href":"https:\/\/blog.liesdoch.de\/index.php?rest_route=\/wp\/v2\/posts\/2289\/revisions\/2291"}],"wp:attachment":[{"href":"https:\/\/blog.liesdoch.de\/index.php?rest_route=%2Fwp%2Fv2%2Fmedia&parent=2289"}],"wp:term":[{"taxonomy":"category","embeddable":true,"href":"https:\/\/blog.liesdoch.de\/index.php?rest_route=%2Fwp%2Fv2%2Fcategories&post=2289"},{"taxonomy":"post_tag","embeddable":true,"href":"https:\/\/blog.liesdoch.de\/index.php?rest_route=%2Fwp%2Fv2%2Ftags&post=2289"}],"curies":[{"name":"wp","href":"https:\/\/api.w.org\/{rel}","templated":true}]}}