{"id":2293,"date":"2016-07-25T13:35:47","date_gmt":"2016-07-25T11:35:47","guid":{"rendered":"http:\/\/blog.liesdoch.de\/?p=2293"},"modified":"2016-07-25T13:35:47","modified_gmt":"2016-07-25T11:35:47","slug":"gebrauchsanweisung-fuer-israel-und-palaestina","status":"publish","type":"post","link":"https:\/\/blog.liesdoch.de\/?p=2293","title":{"rendered":"Gebrauchsanweisung f\u00fcr Israel und Pal\u00e4stina"},"content":{"rendered":"<p>&nbsp;<\/p>\n<p>&nbsp;<\/p>\n<p>&nbsp;<\/p>\n<p>&nbsp;<\/p>\n<p><a href=\"http:\/\/blog.liesdoch.de\/wp-content\/uploads\/2016\/07\/44096506z.jpg\"><img loading=\"lazy\" decoding=\"async\" class=\"alignnone size-medium wp-image-2294\" src=\"http:\/\/blog.liesdoch.de\/wp-content\/uploads\/2016\/07\/44096506z-181x300.jpg\" alt=\"44096506z\" width=\"181\" height=\"300\" srcset=\"https:\/\/blog.liesdoch.de\/wp-content\/uploads\/2016\/07\/44096506z-181x300.jpg 181w, https:\/\/blog.liesdoch.de\/wp-content\/uploads\/2016\/07\/44096506z.jpg 254w\" sizes=\"auto, (max-width: 181px) 100vw, 181px\" \/><\/a><\/p>\n<p>&nbsp;<\/p>\n<p>Martin Sch\u00e4uble, Gebrauchsanweisung f\u00fcr Israel und Pal\u00e4stina, Piper 2016, ISBN 978-3-492-27667-2<\/p>\n<p>&nbsp;<\/p>\n<p>Im April dieses Jahres, kurz bevor ich das vorliegende neue Buch von Martin Sch\u00e4uble \u201eGebrauchsanweisung f\u00fcr Israel und Pal\u00e4stina\u201c auf den Schreibtisch bekam, las ich das neue Buch des in Israel sehr bekannten Schriftstellers Edgar Keret, \u201eDie sieben guten Jahre\u201c.<\/p>\n<p>In einer Rezension schrieb ich zu diesem sehr pers\u00f6nlichen Buch:<\/p>\n<p>\u201eZwischen ernsthafter Tiefsinnigkeit, die den Leser im Innersten ber\u00fchrt, wechselt Keret oft auf derselben Seite zur Komik und Groteske, die dem zuvor Tragischen etwas Leichtes und Schwebendes zu geben vermag.<\/p>\n<p>Vielleicht kann man heute in Israel auch nur so leben ohne zynisch und verbittert zu werden \u2013 oder auszuwandern.\u00a0 \u201eDie sieben guten Jahre\u201c ist ein Buch voller Liebe und Hoffnung.\u201c<\/p>\n<p>&nbsp;<\/p>\n<p>Martin Sch\u00e4uble hat lange in dem Land gelebt, \u00fcber das er jetzt schreibt und unz\u00e4hlige Gespr\u00e4che mit Menschen gef\u00fchrt, die er dort erw\u00e4hnt. Ich kenne kaum jemand, der so engagiert und leidenschaftlich sich in den Konflikt, er dort schon seit Jahrzehnten herrscht, pers\u00f6nlich und intellektuell hineinbegeben hat und dar\u00fcber auch geschrieben hat:<\/p>\n<p>Die Geschichte der Israelis und Pal\u00e4stinenser 2007 (Neuauflage bei DTV 2016)<\/p>\n<p>Zwischen den Grenzen. Zu Fu\u00df durch Israel und Pal\u00e4stina, 2013<\/p>\n<p>&nbsp;<\/p>\n<p>Das neue Buch will auch dazu helfen, Israel und Pal\u00e4stina zu verstehen, dient aber haupts\u00e4chlich f\u00fcr Backpacker und Touristen als eine durchaus unterhaltsame Anleitung f\u00fcr ein Reisen, das der Region und den Menschen dort angemessen ist. Es ist ein Buch, in dem viele Polarit\u00e4ten zur Sprache kommen. Martin Sch\u00e4uble hat zu viel gesehen und gelernt in diesem Land, als dass er pauschale Bewertungen vornehmen w\u00fcrde. Er bleibt relativ neutral, vermittelt aber doch fast auf jeder Seite dem Leser die hohe und unl\u00f6sbare Komplexit\u00e4t dieses Landes und seiner Bewohner.<\/p>\n<p>&nbsp;<\/p>\n<p>Sch\u00e4ubles Buch kann keine eigene Reise in das Land ersetzen, es kann aber jemanden wie den Rezensenten, der diesen Plan f\u00fcr dieses Leben abgeschlossen hat, auf eine wunderbare Weise entsch\u00e4digen. F\u00fcr mich war das Buch eine ideale Erg\u00e4nzung all der zahlreichen Romane (zuletzt Kerets \u201eSieben Tage\u201c und Grossmanns\u00a0 \u201eKommt ein Pferd in die Bar\u201c, die ich den letzten Jahren aus Israel gelesen habe. Er erz\u00e4hlt viel \u00fcber den normalen Alltag und die Kultur und die Lebensgewohnheiten der Menschen.<\/p>\n<p>&nbsp;<\/p>\n<p>Man merkt, dass Sch\u00e4uble lange dort gewohnt hat. Seine Schilderung ist unverkrampft. Er schl\u00e4gt sich auf keine Seite, weil er nicht den Anspruch hat\u00a0 den Konflikt zu l\u00f6sen oder zu wissen wie es geht. Er wird nicht l\u00f6sbar sein.<\/p>\n<p>&nbsp;<\/p>\n<p>&nbsp;<\/p>\n<p>&nbsp;<\/p>\n<p>&nbsp;<\/p>\n<p>&nbsp;<\/p>\n","protected":false},"excerpt":{"rendered":"<p>&nbsp; &nbsp; &nbsp; &nbsp; &nbsp; Martin Sch\u00e4uble, Gebrauchsanweisung f\u00fcr Israel und Pal\u00e4stina, Piper 2016, ISBN 978-3-492-27667-2 &nbsp; Im April dieses Jahres, kurz bevor ich das vorliegende neue Buch von Martin Sch\u00e4uble \u201eGebrauchsanweisung f\u00fcr Israel und Pal\u00e4stina\u201c auf den Schreibtisch bekam, las ich das neue Buch des in Israel sehr bekannten Schriftstellers Edgar Keret, \u201eDie sieben &hellip; <a href=\"https:\/\/blog.liesdoch.de\/?p=2293\" class=\"more-link\"><span class=\"screen-reader-text\">Gebrauchsanweisung f\u00fcr Israel und Pal\u00e4stina<\/span> weiterlesen <span class=\"meta-nav\">&rarr;<\/span><\/a><\/p>\n","protected":false},"author":6,"featured_media":0,"comment_status":"open","ping_status":"open","sticky":false,"template":"","format":"standard","meta":{"footnotes":""},"categories":[1],"tags":[],"class_list":["post-2293","post","type-post","status-publish","format-standard","hentry","category-allgemein"],"_links":{"self":[{"href":"https:\/\/blog.liesdoch.de\/index.php?rest_route=\/wp\/v2\/posts\/2293","targetHints":{"allow":["GET"]}}],"collection":[{"href":"https:\/\/blog.liesdoch.de\/index.php?rest_route=\/wp\/v2\/posts"}],"about":[{"href":"https:\/\/blog.liesdoch.de\/index.php?rest_route=\/wp\/v2\/types\/post"}],"author":[{"embeddable":true,"href":"https:\/\/blog.liesdoch.de\/index.php?rest_route=\/wp\/v2\/users\/6"}],"replies":[{"embeddable":true,"href":"https:\/\/blog.liesdoch.de\/index.php?rest_route=%2Fwp%2Fv2%2Fcomments&post=2293"}],"version-history":[{"count":1,"href":"https:\/\/blog.liesdoch.de\/index.php?rest_route=\/wp\/v2\/posts\/2293\/revisions"}],"predecessor-version":[{"id":2295,"href":"https:\/\/blog.liesdoch.de\/index.php?rest_route=\/wp\/v2\/posts\/2293\/revisions\/2295"}],"wp:attachment":[{"href":"https:\/\/blog.liesdoch.de\/index.php?rest_route=%2Fwp%2Fv2%2Fmedia&parent=2293"}],"wp:term":[{"taxonomy":"category","embeddable":true,"href":"https:\/\/blog.liesdoch.de\/index.php?rest_route=%2Fwp%2Fv2%2Fcategories&post=2293"},{"taxonomy":"post_tag","embeddable":true,"href":"https:\/\/blog.liesdoch.de\/index.php?rest_route=%2Fwp%2Fv2%2Ftags&post=2293"}],"curies":[{"name":"wp","href":"https:\/\/api.w.org\/{rel}","templated":true}]}}