{"id":2297,"date":"2016-07-25T14:02:14","date_gmt":"2016-07-25T12:02:14","guid":{"rendered":"http:\/\/blog.liesdoch.de\/?p=2297"},"modified":"2016-07-25T14:02:14","modified_gmt":"2016-07-25T12:02:14","slug":"ich-sag-hallo-was-sagst-du","status":"publish","type":"post","link":"https:\/\/blog.liesdoch.de\/?p=2297","title":{"rendered":"Ich sag Hallo! Was sagst Du?"},"content":{"rendered":"<p>&nbsp;<\/p>\n<p>&nbsp;<\/p>\n<p>&nbsp;<\/p>\n<p><a href=\"http:\/\/blog.liesdoch.de\/wp-content\/uploads\/2016\/07\/44810391z.jpg\"><img loading=\"lazy\" decoding=\"async\" class=\"alignnone size-medium wp-image-2298\" src=\"http:\/\/blog.liesdoch.de\/wp-content\/uploads\/2016\/07\/44810391z-300x300.jpg\" alt=\"44810391z\" width=\"300\" height=\"300\" srcset=\"https:\/\/blog.liesdoch.de\/wp-content\/uploads\/2016\/07\/44810391z-300x300.jpg 300w, https:\/\/blog.liesdoch.de\/wp-content\/uploads\/2016\/07\/44810391z-150x150.jpg 150w, https:\/\/blog.liesdoch.de\/wp-content\/uploads\/2016\/07\/44810391z.jpg 340w\" sizes=\"auto, (max-width: 300px) 100vw, 300px\" \/><\/a><\/p>\n<p>&nbsp;<\/p>\n<p>Bernd Penners, Johanna Fritz, Ich sag hallo, was sagst du, Ravensburger 2016, ISBN 978-3-473-43613-2<\/p>\n<p>&nbsp;<\/p>\n<p>Sehr viele Kinder gehen schon vor ihrem zweiten Geburtstag in den Kindergarten und begegnen, w\u00e4hrend sie selbst oft mit gro\u00dfer Begeisterung ihre eigene Sprache entwickeln, Kindern, die andere Sprache sprechen als sie.<\/p>\n<p>&nbsp;<\/p>\n<p>Obwohl es in diesem Bilderbuch f\u00fcr Kinder ab zwei Jahren von Bernd Penners und Johanna Fritz nur um die Begr\u00fc\u00dfungsformeln klassischer Urlaubsl\u00e4nder (Frankreich, Spanien, Italien, T\u00fcrkei) und Englands geht, l\u00e4dt es Kinder in sch\u00f6nen Reimen ein, sich f\u00fcr Sprachen anderer Kinder aus anderen L\u00e4ndern zu \u00f6ffnen.<\/p>\n<p>&nbsp;<\/p>\n<p>Mit dem kleinen B\u00e4r, der hier auf einer Flugreise durch Europa nicht nur die L\u00e4nder kennenlernt, sondern auch, wie man sich dort begr\u00fc\u00dft, werden sich Kinder schnell identifizieren.\u00a0 Und bald werden sie herausgefunden haben, wie die vielen Kinder aus den anderen L\u00e4ndern in ihrem Kindergarten in ihrer Sprache \u201eHallo!\u201c sagen.<\/p>\n","protected":false},"excerpt":{"rendered":"<p>&nbsp; &nbsp; &nbsp; &nbsp; Bernd Penners, Johanna Fritz, Ich sag hallo, was sagst du, Ravensburger 2016, ISBN 978-3-473-43613-2 &nbsp; Sehr viele Kinder gehen schon vor ihrem zweiten Geburtstag in den Kindergarten und begegnen, w\u00e4hrend sie selbst oft mit gro\u00dfer Begeisterung ihre eigene Sprache entwickeln, Kindern, die andere Sprache sprechen als sie. &nbsp; Obwohl es in &hellip; <a href=\"https:\/\/blog.liesdoch.de\/?p=2297\" class=\"more-link\"><span class=\"screen-reader-text\">Ich sag Hallo! Was sagst Du?<\/span> weiterlesen <span class=\"meta-nav\">&rarr;<\/span><\/a><\/p>\n","protected":false},"author":6,"featured_media":0,"comment_status":"open","ping_status":"open","sticky":false,"template":"","format":"standard","meta":{"footnotes":""},"categories":[1],"tags":[33],"class_list":["post-2297","post","type-post","status-publish","format-standard","hentry","category-allgemein","tag-bilderbuch"],"_links":{"self":[{"href":"https:\/\/blog.liesdoch.de\/index.php?rest_route=\/wp\/v2\/posts\/2297","targetHints":{"allow":["GET"]}}],"collection":[{"href":"https:\/\/blog.liesdoch.de\/index.php?rest_route=\/wp\/v2\/posts"}],"about":[{"href":"https:\/\/blog.liesdoch.de\/index.php?rest_route=\/wp\/v2\/types\/post"}],"author":[{"embeddable":true,"href":"https:\/\/blog.liesdoch.de\/index.php?rest_route=\/wp\/v2\/users\/6"}],"replies":[{"embeddable":true,"href":"https:\/\/blog.liesdoch.de\/index.php?rest_route=%2Fwp%2Fv2%2Fcomments&post=2297"}],"version-history":[{"count":1,"href":"https:\/\/blog.liesdoch.de\/index.php?rest_route=\/wp\/v2\/posts\/2297\/revisions"}],"predecessor-version":[{"id":2299,"href":"https:\/\/blog.liesdoch.de\/index.php?rest_route=\/wp\/v2\/posts\/2297\/revisions\/2299"}],"wp:attachment":[{"href":"https:\/\/blog.liesdoch.de\/index.php?rest_route=%2Fwp%2Fv2%2Fmedia&parent=2297"}],"wp:term":[{"taxonomy":"category","embeddable":true,"href":"https:\/\/blog.liesdoch.de\/index.php?rest_route=%2Fwp%2Fv2%2Fcategories&post=2297"},{"taxonomy":"post_tag","embeddable":true,"href":"https:\/\/blog.liesdoch.de\/index.php?rest_route=%2Fwp%2Fv2%2Ftags&post=2297"}],"curies":[{"name":"wp","href":"https:\/\/api.w.org\/{rel}","templated":true}]}}