{"id":2306,"date":"2016-07-27T08:01:03","date_gmt":"2016-07-27T06:01:03","guid":{"rendered":"http:\/\/blog.liesdoch.de\/?p=2306"},"modified":"2016-07-27T08:01:03","modified_gmt":"2016-07-27T06:01:03","slug":"enjoy-your-life","status":"publish","type":"post","link":"https:\/\/blog.liesdoch.de\/?p=2306","title":{"rendered":"Enjoy your life"},"content":{"rendered":"<p>&nbsp;<\/p>\n<p>&nbsp;<\/p>\n<p><a href=\"http:\/\/blog.liesdoch.de\/wp-content\/uploads\/2016\/07\/45198925z.jpg\"><img loading=\"lazy\" decoding=\"async\" class=\"alignnone size-medium wp-image-2307\" src=\"http:\/\/blog.liesdoch.de\/wp-content\/uploads\/2016\/07\/45198925z-229x300.jpg\" alt=\"45198925z\" width=\"229\" height=\"300\" srcset=\"https:\/\/blog.liesdoch.de\/wp-content\/uploads\/2016\/07\/45198925z-229x300.jpg 229w, https:\/\/blog.liesdoch.de\/wp-content\/uploads\/2016\/07\/45198925z.jpg 364w\" sizes=\"auto, (max-width: 229px) 100vw, 229px\" \/><\/a><\/p>\n<p>&nbsp;<\/p>\n<p>J\u00fcrgen Teller, Enjoy your life. Mit dem Teller nach Bonn, Steidl 2016, ISBN 978-3-95829-221-5<\/p>\n<p>Der 1964 in S\u00fcddeutschland geborenen J\u00fcrgen Teller z\u00e4hlt sp\u00e4testens seit seinen 1991 ver\u00f6ffentlichten Bilder der Kultband Nirwana mit ihrem Chef Kurt Cobain zu den bekanntesten Fotografen der Gegenwart. Auch international oft angefragt, bewegen sich seine oft in Serien ver\u00f6ffentlichten Fotografien zwischen Kunst und kommerzieller Fotografie. \u00dcber seine Arbeiten sagt er selbst:<\/p>\n<p>\u201eAlles ist im weitesten Sinne eine Art Selbstportrait. Es ist einfach die Art, wie Du die Dinge siehst, und wie gewisse Dinge Dich neugierig machen und Dich einfach mitrei\u00dfen.\u201c<\/p>\n<p>&nbsp;<\/p>\n<p>Die hier versammelten Fotografien, meist sind es Portr\u00e4ts, sind zwischen dem 10 Junin und dem 25. September 2016 in der Bundeskunstgalle in Bonn, vom 15. Dezember 2016 bis zum 19. M\u00e4rz 2017 in der Galerie Rudolfinum in Prag und vom 20. April 2017 bis 3. Juli 30217 im Martin Gropius Bau in Berlin zu sehen.<\/p>\n<p>&nbsp;<\/p>\n<p>J\u00fcrgen Tellers Fotografie irritiert die normalen Sehgewohnheiten, fokussiert Br\u00fcche und lieben eine nicht perfekte Sch\u00f6nheit, bei der man schon mehrmals hinsehen muss, um sie als solche zu erkennen.<\/p>\n","protected":false},"excerpt":{"rendered":"<p>&nbsp; &nbsp; &nbsp; J\u00fcrgen Teller, Enjoy your life. Mit dem Teller nach Bonn, Steidl 2016, ISBN 978-3-95829-221-5 Der 1964 in S\u00fcddeutschland geborenen J\u00fcrgen Teller z\u00e4hlt sp\u00e4testens seit seinen 1991 ver\u00f6ffentlichten Bilder der Kultband Nirwana mit ihrem Chef Kurt Cobain zu den bekanntesten Fotografen der Gegenwart. Auch international oft angefragt, bewegen sich seine oft in Serien &hellip; <a href=\"https:\/\/blog.liesdoch.de\/?p=2306\" class=\"more-link\"><span class=\"screen-reader-text\">Enjoy your life<\/span> weiterlesen <span class=\"meta-nav\">&rarr;<\/span><\/a><\/p>\n","protected":false},"author":6,"featured_media":0,"comment_status":"open","ping_status":"open","sticky":false,"template":"","format":"standard","meta":{"footnotes":""},"categories":[1],"tags":[366],"class_list":["post-2306","post","type-post","status-publish","format-standard","hentry","category-allgemein","tag-fotografie"],"_links":{"self":[{"href":"https:\/\/blog.liesdoch.de\/index.php?rest_route=\/wp\/v2\/posts\/2306","targetHints":{"allow":["GET"]}}],"collection":[{"href":"https:\/\/blog.liesdoch.de\/index.php?rest_route=\/wp\/v2\/posts"}],"about":[{"href":"https:\/\/blog.liesdoch.de\/index.php?rest_route=\/wp\/v2\/types\/post"}],"author":[{"embeddable":true,"href":"https:\/\/blog.liesdoch.de\/index.php?rest_route=\/wp\/v2\/users\/6"}],"replies":[{"embeddable":true,"href":"https:\/\/blog.liesdoch.de\/index.php?rest_route=%2Fwp%2Fv2%2Fcomments&post=2306"}],"version-history":[{"count":1,"href":"https:\/\/blog.liesdoch.de\/index.php?rest_route=\/wp\/v2\/posts\/2306\/revisions"}],"predecessor-version":[{"id":2308,"href":"https:\/\/blog.liesdoch.de\/index.php?rest_route=\/wp\/v2\/posts\/2306\/revisions\/2308"}],"wp:attachment":[{"href":"https:\/\/blog.liesdoch.de\/index.php?rest_route=%2Fwp%2Fv2%2Fmedia&parent=2306"}],"wp:term":[{"taxonomy":"category","embeddable":true,"href":"https:\/\/blog.liesdoch.de\/index.php?rest_route=%2Fwp%2Fv2%2Fcategories&post=2306"},{"taxonomy":"post_tag","embeddable":true,"href":"https:\/\/blog.liesdoch.de\/index.php?rest_route=%2Fwp%2Fv2%2Ftags&post=2306"}],"curies":[{"name":"wp","href":"https:\/\/api.w.org\/{rel}","templated":true}]}}