{"id":2310,"date":"2016-07-27T08:12:47","date_gmt":"2016-07-27T06:12:47","guid":{"rendered":"http:\/\/blog.liesdoch.de\/?p=2310"},"modified":"2016-07-27T08:12:47","modified_gmt":"2016-07-27T06:12:47","slug":"trau-dich-kleine-fledermaus","status":"publish","type":"post","link":"https:\/\/blog.liesdoch.de\/?p=2310","title":{"rendered":"Trau dich, kleine Fledermaus"},"content":{"rendered":"<p>&nbsp;<\/p>\n<p>&nbsp;<\/p>\n<p><a href=\"http:\/\/blog.liesdoch.de\/wp-content\/uploads\/2016\/07\/44931786z.jpg\"><img loading=\"lazy\" decoding=\"async\" class=\"alignnone size-medium wp-image-2311\" src=\"http:\/\/blog.liesdoch.de\/wp-content\/uploads\/2016\/07\/44931786z-300x300.jpg\" alt=\"44931786z\" width=\"300\" height=\"300\" srcset=\"https:\/\/blog.liesdoch.de\/wp-content\/uploads\/2016\/07\/44931786z-300x300.jpg 300w, https:\/\/blog.liesdoch.de\/wp-content\/uploads\/2016\/07\/44931786z-150x150.jpg 150w, https:\/\/blog.liesdoch.de\/wp-content\/uploads\/2016\/07\/44931786z.jpg 340w\" sizes=\"auto, (max-width: 300px) 100vw, 300px\" \/><\/a><\/p>\n<p>&nbsp;<\/p>\n<p>Susanne L\u00fctje, Stefanie Reich, Trau dich, kleine Feldermaus, Oetinger 2016, ISBN 978-3-7891-7944-0<\/p>\n<p>&nbsp;<\/p>\n<p>Ein wundersch\u00f6nes gereimtes Bilderbuch \u00fcber eine kleine \u00e4ngstliche Fledermaus, die sich nicht traut zu fliegen und seine kluge Mutter haben Susanne L\u00fctje und Stefanie Reich hier im Oetinger Verlag vorgestellt.<\/p>\n<p>In dessen Bilderbuchreihe f\u00fcr die kleinsten Kinder ab 2 Jahren wird erz\u00e4hlt von einer kleinen Fledermaus, die traurig in ihrer H\u00f6hle sitzt als ihre Mama nach Hause kommt. Sofort k\u00fcmmert sich die Fledermausmama um ihr Kind, und es stellt sich heraus, dass die kleine Fledermaus sich nicht traut zu fliegen.<\/p>\n<p>&nbsp;<\/p>\n<p>Doch da hat die Mama eine wunderbare Idee:<\/p>\n<p>&nbsp;<\/p>\n<p>\u201eDu lockerst deine kleinen Krallen,<\/p>\n<p>ich z\u00e4hl bis drei, du l\u00e4sst dich fallen.<\/p>\n<p>Hab keine Angst, ich fang dich auf.<\/p>\n<p>Ja, ganz bestimmt. Verlass dich drauf.\u201c<\/p>\n<p>&nbsp;<\/p>\n<p>Und es funktioniert.<\/p>\n<p>&nbsp;<\/p>\n<p>Eine sehr liebevoll erz\u00e4hlte und illustrierte Geschichte \u00fcber das Vertrauen.<\/p>\n<p>&nbsp;<\/p>\n<p>&nbsp;<\/p>\n<p>&nbsp;<\/p>\n<p>&nbsp;<\/p>\n","protected":false},"excerpt":{"rendered":"<p>&nbsp; &nbsp; &nbsp; Susanne L\u00fctje, Stefanie Reich, Trau dich, kleine Feldermaus, Oetinger 2016, ISBN 978-3-7891-7944-0 &nbsp; Ein wundersch\u00f6nes gereimtes Bilderbuch \u00fcber eine kleine \u00e4ngstliche Fledermaus, die sich nicht traut zu fliegen und seine kluge Mutter haben Susanne L\u00fctje und Stefanie Reich hier im Oetinger Verlag vorgestellt. In dessen Bilderbuchreihe f\u00fcr die kleinsten Kinder ab 2 &hellip; <a href=\"https:\/\/blog.liesdoch.de\/?p=2310\" class=\"more-link\"><span class=\"screen-reader-text\">Trau dich, kleine Fledermaus<\/span> weiterlesen <span class=\"meta-nav\">&rarr;<\/span><\/a><\/p>\n","protected":false},"author":6,"featured_media":0,"comment_status":"open","ping_status":"open","sticky":false,"template":"","format":"standard","meta":{"footnotes":""},"categories":[1],"tags":[33],"class_list":["post-2310","post","type-post","status-publish","format-standard","hentry","category-allgemein","tag-bilderbuch"],"_links":{"self":[{"href":"https:\/\/blog.liesdoch.de\/index.php?rest_route=\/wp\/v2\/posts\/2310","targetHints":{"allow":["GET"]}}],"collection":[{"href":"https:\/\/blog.liesdoch.de\/index.php?rest_route=\/wp\/v2\/posts"}],"about":[{"href":"https:\/\/blog.liesdoch.de\/index.php?rest_route=\/wp\/v2\/types\/post"}],"author":[{"embeddable":true,"href":"https:\/\/blog.liesdoch.de\/index.php?rest_route=\/wp\/v2\/users\/6"}],"replies":[{"embeddable":true,"href":"https:\/\/blog.liesdoch.de\/index.php?rest_route=%2Fwp%2Fv2%2Fcomments&post=2310"}],"version-history":[{"count":1,"href":"https:\/\/blog.liesdoch.de\/index.php?rest_route=\/wp\/v2\/posts\/2310\/revisions"}],"predecessor-version":[{"id":2312,"href":"https:\/\/blog.liesdoch.de\/index.php?rest_route=\/wp\/v2\/posts\/2310\/revisions\/2312"}],"wp:attachment":[{"href":"https:\/\/blog.liesdoch.de\/index.php?rest_route=%2Fwp%2Fv2%2Fmedia&parent=2310"}],"wp:term":[{"taxonomy":"category","embeddable":true,"href":"https:\/\/blog.liesdoch.de\/index.php?rest_route=%2Fwp%2Fv2%2Fcategories&post=2310"},{"taxonomy":"post_tag","embeddable":true,"href":"https:\/\/blog.liesdoch.de\/index.php?rest_route=%2Fwp%2Fv2%2Ftags&post=2310"}],"curies":[{"name":"wp","href":"https:\/\/api.w.org\/{rel}","templated":true}]}}