{"id":2322,"date":"2016-07-27T11:23:49","date_gmt":"2016-07-27T09:23:49","guid":{"rendered":"http:\/\/blog.liesdoch.de\/?p=2322"},"modified":"2016-07-27T11:23:49","modified_gmt":"2016-07-27T09:23:49","slug":"mein-erstes-buch-farben","status":"publish","type":"post","link":"https:\/\/blog.liesdoch.de\/?p=2322","title":{"rendered":"Mein erstes Buch: Farben"},"content":{"rendered":"<p>&nbsp;<\/p>\n<p>&nbsp;<\/p>\n<p>&nbsp;<\/p>\n<p><a href=\"http:\/\/blog.liesdoch.de\/wp-content\/uploads\/2016\/07\/44818084z.jpg\"><img loading=\"lazy\" decoding=\"async\" class=\"alignnone size-medium wp-image-2323\" src=\"http:\/\/blog.liesdoch.de\/wp-content\/uploads\/2016\/07\/44818084z-300x300.jpg\" alt=\"44818084z\" width=\"300\" height=\"300\" srcset=\"https:\/\/blog.liesdoch.de\/wp-content\/uploads\/2016\/07\/44818084z-300x300.jpg 300w, https:\/\/blog.liesdoch.de\/wp-content\/uploads\/2016\/07\/44818084z-150x150.jpg 150w, https:\/\/blog.liesdoch.de\/wp-content\/uploads\/2016\/07\/44818084z.jpg 340w\" sizes=\"auto, (max-width: 300px) 100vw, 300px\" \/><\/a><\/p>\n<p>&nbsp;<\/p>\n<p>Alain Gree, Mein erstes Buch. Farben, Ravensburger 2016, ISBN 978-3-473-43574-6<\/p>\n<p>&nbsp;<\/p>\n<p>Der Ravensburger Verlag hat eine neue Reihe von kleinen\u00a0 Bilderb\u00fcchern f\u00fcr Kinder ab zwei Jahren herausgebracht, alle aus der Feder des legend\u00e4ren 1936 geborenen franz\u00f6sischen Kinderbuchillustrators Alain Gree. Dessen meist in den 60 er und 70 er Jahren des 20. Jahrhunderts entstandenen \u00fcber 300 Publikationen haben eine ganz eigenen Stil und wurden in \u00fcber zwanzig Sprachen \u00fcbersetzt.<\/p>\n<p>Seine einfachen Bilder zeugen von seiner gro\u00dfen Kunst, die schon in fr\u00fcheren Zeiten Erwachsene und Kinder in vielen L\u00e4ndern f\u00fcr sich eingenommen hat.<\/p>\n<p>&nbsp;<\/p>\n<p>In der Reihe \u201eMein erstes Buch\u201c, die 2012 im Original erschienen ist, sind die Farben gelb, rot, blau, gr\u00fcn, orange, rosa, schwarz, wei\u00df, braun und grau entsprechend farbigen Tieren, im typischen Gree-Stil gezeichnet und benannt, gegen\u00fcbergestellt. Die Kinder sollen jeweils die Farben der gezeigten Tiere benennen.<\/p>\n<p>Ideal f\u00fcr die Bildung des kindlichen Wortschatzes.<\/p>\n<p>&nbsp;<\/p>\n<p>&nbsp;<\/p>\n","protected":false},"excerpt":{"rendered":"<p>&nbsp; &nbsp; &nbsp; &nbsp; Alain Gree, Mein erstes Buch. Farben, Ravensburger 2016, ISBN 978-3-473-43574-6 &nbsp; Der Ravensburger Verlag hat eine neue Reihe von kleinen\u00a0 Bilderb\u00fcchern f\u00fcr Kinder ab zwei Jahren herausgebracht, alle aus der Feder des legend\u00e4ren 1936 geborenen franz\u00f6sischen Kinderbuchillustrators Alain Gree. Dessen meist in den 60 er und 70 er Jahren des 20. &hellip; <a href=\"https:\/\/blog.liesdoch.de\/?p=2322\" class=\"more-link\"><span class=\"screen-reader-text\">Mein erstes Buch: Farben<\/span> weiterlesen <span class=\"meta-nav\">&rarr;<\/span><\/a><\/p>\n","protected":false},"author":6,"featured_media":0,"comment_status":"open","ping_status":"open","sticky":false,"template":"","format":"standard","meta":{"footnotes":""},"categories":[1],"tags":[33],"class_list":["post-2322","post","type-post","status-publish","format-standard","hentry","category-allgemein","tag-bilderbuch"],"_links":{"self":[{"href":"https:\/\/blog.liesdoch.de\/index.php?rest_route=\/wp\/v2\/posts\/2322","targetHints":{"allow":["GET"]}}],"collection":[{"href":"https:\/\/blog.liesdoch.de\/index.php?rest_route=\/wp\/v2\/posts"}],"about":[{"href":"https:\/\/blog.liesdoch.de\/index.php?rest_route=\/wp\/v2\/types\/post"}],"author":[{"embeddable":true,"href":"https:\/\/blog.liesdoch.de\/index.php?rest_route=\/wp\/v2\/users\/6"}],"replies":[{"embeddable":true,"href":"https:\/\/blog.liesdoch.de\/index.php?rest_route=%2Fwp%2Fv2%2Fcomments&post=2322"}],"version-history":[{"count":1,"href":"https:\/\/blog.liesdoch.de\/index.php?rest_route=\/wp\/v2\/posts\/2322\/revisions"}],"predecessor-version":[{"id":2324,"href":"https:\/\/blog.liesdoch.de\/index.php?rest_route=\/wp\/v2\/posts\/2322\/revisions\/2324"}],"wp:attachment":[{"href":"https:\/\/blog.liesdoch.de\/index.php?rest_route=%2Fwp%2Fv2%2Fmedia&parent=2322"}],"wp:term":[{"taxonomy":"category","embeddable":true,"href":"https:\/\/blog.liesdoch.de\/index.php?rest_route=%2Fwp%2Fv2%2Fcategories&post=2322"},{"taxonomy":"post_tag","embeddable":true,"href":"https:\/\/blog.liesdoch.de\/index.php?rest_route=%2Fwp%2Fv2%2Ftags&post=2322"}],"curies":[{"name":"wp","href":"https:\/\/api.w.org\/{rel}","templated":true}]}}