{"id":2326,"date":"2016-07-27T14:46:51","date_gmt":"2016-07-27T12:46:51","guid":{"rendered":"http:\/\/blog.liesdoch.de\/?p=2326"},"modified":"2016-07-27T14:46:51","modified_gmt":"2016-07-27T12:46:51","slug":"sos-europa","status":"publish","type":"post","link":"https:\/\/blog.liesdoch.de\/?p=2326","title":{"rendered":"SOS Europa"},"content":{"rendered":"<p>&nbsp;<\/p>\n<p>&nbsp;<\/p>\n<p><a href=\"http:\/\/blog.liesdoch.de\/wp-content\/uploads\/2016\/07\/45061750z.jpg\"><img loading=\"lazy\" decoding=\"async\" class=\"alignnone size-medium wp-image-2327\" src=\"http:\/\/blog.liesdoch.de\/wp-content\/uploads\/2016\/07\/45061750z-192x300.jpg\" alt=\"45061750z\" width=\"192\" height=\"300\" srcset=\"https:\/\/blog.liesdoch.de\/wp-content\/uploads\/2016\/07\/45061750z-192x300.jpg 192w, https:\/\/blog.liesdoch.de\/wp-content\/uploads\/2016\/07\/45061750z.jpg 305w\" sizes=\"auto, (max-width: 192px) 100vw, 192px\" \/><\/a><\/p>\n<p>&nbsp;<\/p>\n<p>Gottfried Heller u.a., SOS Europa. Wege aus der Krise- ein Kompass f\u00fcr Europa, Finanzbuch Verlag 2016, ISBN 978-3-89879-984-3<\/p>\n<p>&nbsp;<\/p>\n<p>Schon 2014 hatte\u00a0 der ehemalige Stra\u00dfenk\u00e4mpfer, Taxifahrer und Bundesau\u00dfenminister Joschka Fischer sich mit einem leidenschaftlichen und engagierten Pl\u00e4doyer f\u00fcr die Zukunft Europas in seinem Buch \u201cScheitert Europa?\u201c eingesetzt. Trotz aller Probleme und Krisen seit dem gro\u00dfen Knall der Finanzkrise 2009 war f\u00fcr ihn, sich auf Winston Churchill berufend, klar:<\/p>\n<p>&nbsp;<\/p>\n<p>Der Weg zu dem Ziel der Vereinigten Staaten von Europa muss konsequent weitergegangen werden, wobei ein ganz besonderer Wert gelegt werden muss auf die Herausbildung einer europ\u00e4ischen Demokratie. Deutschland und Frankreich macht er dabei als entscheidende Faktoren daf\u00fcr aus, ob dieser Prozess gelingt.<\/p>\n<p>Ich war in einer Rezension damals skeptisch:<br \/>\n\u201eIch muss gestehen, dass ich bei aller W\u00fcrdigung des Buches, sehr skeptisch bin, ob dieser Prozess gelingen kann. Zu schnell, zu un\u00fcberlegt ist die EUR in den letzten zehn Jahren durch L\u00e4ndern erweitert worden, die weder \u00f6konomisch noch rechtsstaatlich in diesen Kreis passten. Zu eigenn\u00fctzig und nationalistisch agieren viele L\u00e4nder, als dass man sich ernsthaft vorstellen k\u00f6nnte, sie w\u00e4ren bereit, noch mehr nationalstaatliche Kompetenzen an eine zentrale europ\u00e4ische Regierung abzugeben. Die vielen eurokritischen und -feindlichen Parteien in den meisten Mitgliedsstaaten kommen ja nicht von ungef\u00e4hr. Sie dr\u00fccken eine Stimmung in der Bev\u00f6lkerung aus, die f\u00fcr die Zukunft Europas in Fischers Sinne wenig Gutes erhoffen l\u00e4sst.\u201c<\/p>\n<p>&nbsp;<\/p>\n<p>\u00dcber zwei Jahre sp\u00e4ter hat sich die Situation in Europa noch weiter zugespitzt. Die unbew\u00e4ltigte Fl\u00fcchtlingsfrage, Terroranschl\u00e4ge in gro\u00dfen Hauptst\u00e4dten und der Provinz, der Brexit, mit dem niemand ernsthaft rechnete und eine v\u00f6llig unverst\u00e4ndliche und ruin\u00f6se Politik der Europ\u00e4ischen Zentralbankhaben die Idee eines geeinten Europa in noch weitere Ferne r\u00fccken lassen.<\/p>\n<p>&nbsp;<\/p>\n<p>Die Beitr\u00e4ge in dem hier vorliegenden Buch SOS Europa greifen in mehreren Ans\u00e4tzen und Zug\u00e4ngen diese Thematik auf und zeigen aus unterschiedlichen Perspektiven \u201eWege aus der Krise\u201c auf.<\/p>\n<p>Am ehesten fassen die Stichworte Ulrich Horstmanns am Ende des Buches die neue Weichenstellung zusammen:<\/p>\n<ul>\n<li>Mehr F\u00f6deralismus (statt planwirtschaftlichem Zentralismus)<\/li>\n<li>Handeln im Einklang mit christlich-freiheitlichen Werten<\/li>\n<li>Wettbewerb um neue Ideen<\/li>\n<li>St\u00e4rkung der Eigenverantwortung der B\u00fcrger<\/li>\n<li>Sicherung des demokratischen Ringens um die besten L\u00f6sungen<\/li>\n<\/ul>\n<p>&nbsp;<\/p>\n<p>Ich muss zugeben, dass sich meine Skepsis aus 2014 auch nach der Lekt\u00fcre dieses Buches nicht ver\u00e4ndert hat. Klar ist aber auch: es gibt keine realistische Alternative eines reformiertem, konf\u00f6deralen Europas, das gemeinsam seine inneren Krisen l\u00f6st und auch gemeinsam in der Welt seine Stimme erhebt und handelt. Zu wichtig sind die von au\u00dfen (aber auch von innen durch die vielen Populisten) kommenden Bedrohungen, als dass man nicht alles tun m\u00fcsste, um an Europa nicht nur festzuhalten, sondern es auch weiter zu entwickeln.<\/p>\n<p>&nbsp;<\/p>\n<p>&nbsp;<\/p>\n","protected":false},"excerpt":{"rendered":"<p>&nbsp; &nbsp; &nbsp; Gottfried Heller u.a., SOS Europa. Wege aus der Krise- ein Kompass f\u00fcr Europa, Finanzbuch Verlag 2016, ISBN 978-3-89879-984-3 &nbsp; Schon 2014 hatte\u00a0 der ehemalige Stra\u00dfenk\u00e4mpfer, Taxifahrer und Bundesau\u00dfenminister Joschka Fischer sich mit einem leidenschaftlichen und engagierten Pl\u00e4doyer f\u00fcr die Zukunft Europas in seinem Buch \u201cScheitert Europa?\u201c eingesetzt. Trotz aller Probleme und Krisen &hellip; <a href=\"https:\/\/blog.liesdoch.de\/?p=2326\" class=\"more-link\"><span class=\"screen-reader-text\">SOS Europa<\/span> weiterlesen <span class=\"meta-nav\">&rarr;<\/span><\/a><\/p>\n","protected":false},"author":6,"featured_media":0,"comment_status":"open","ping_status":"open","sticky":false,"template":"","format":"standard","meta":{"footnotes":""},"categories":[1],"tags":[],"class_list":["post-2326","post","type-post","status-publish","format-standard","hentry","category-allgemein"],"_links":{"self":[{"href":"https:\/\/blog.liesdoch.de\/index.php?rest_route=\/wp\/v2\/posts\/2326","targetHints":{"allow":["GET"]}}],"collection":[{"href":"https:\/\/blog.liesdoch.de\/index.php?rest_route=\/wp\/v2\/posts"}],"about":[{"href":"https:\/\/blog.liesdoch.de\/index.php?rest_route=\/wp\/v2\/types\/post"}],"author":[{"embeddable":true,"href":"https:\/\/blog.liesdoch.de\/index.php?rest_route=\/wp\/v2\/users\/6"}],"replies":[{"embeddable":true,"href":"https:\/\/blog.liesdoch.de\/index.php?rest_route=%2Fwp%2Fv2%2Fcomments&post=2326"}],"version-history":[{"count":1,"href":"https:\/\/blog.liesdoch.de\/index.php?rest_route=\/wp\/v2\/posts\/2326\/revisions"}],"predecessor-version":[{"id":2328,"href":"https:\/\/blog.liesdoch.de\/index.php?rest_route=\/wp\/v2\/posts\/2326\/revisions\/2328"}],"wp:attachment":[{"href":"https:\/\/blog.liesdoch.de\/index.php?rest_route=%2Fwp%2Fv2%2Fmedia&parent=2326"}],"wp:term":[{"taxonomy":"category","embeddable":true,"href":"https:\/\/blog.liesdoch.de\/index.php?rest_route=%2Fwp%2Fv2%2Fcategories&post=2326"},{"taxonomy":"post_tag","embeddable":true,"href":"https:\/\/blog.liesdoch.de\/index.php?rest_route=%2Fwp%2Fv2%2Ftags&post=2326"}],"curies":[{"name":"wp","href":"https:\/\/api.w.org\/{rel}","templated":true}]}}