{"id":2332,"date":"2016-08-13T12:07:57","date_gmt":"2016-08-13T10:07:57","guid":{"rendered":"http:\/\/blog.liesdoch.de\/?p=2332"},"modified":"2016-08-13T12:07:57","modified_gmt":"2016-08-13T10:07:57","slug":"fitte-bilder","status":"publish","type":"post","link":"https:\/\/blog.liesdoch.de\/?p=2332","title":{"rendered":"Fitte Bilder"},"content":{"rendered":"<p>&nbsp;<\/p>\n<p>&nbsp;<\/p>\n<p>&nbsp;<\/p>\n<p><a href=\"http:\/\/blog.liesdoch.de\/wp-content\/uploads\/2016\/08\/44187683z.jpg\"><img loading=\"lazy\" decoding=\"async\" class=\"alignnone size-medium wp-image-2333\" src=\"http:\/\/blog.liesdoch.de\/wp-content\/uploads\/2016\/08\/44187683z-254x300.jpg\" alt=\"44187683z\" width=\"254\" height=\"300\" srcset=\"https:\/\/blog.liesdoch.de\/wp-content\/uploads\/2016\/08\/44187683z-254x300.jpg 254w, https:\/\/blog.liesdoch.de\/wp-content\/uploads\/2016\/08\/44187683z.jpg 403w\" sizes=\"auto, (max-width: 254px) 100vw, 254px\" \/><\/a><\/p>\n<p>Dieter Schwalm (Hg.), Fitte Bilder \u2013 Cartoons zum Wohlf\u00fchlen, Lappan 2016, ISBN 978-3-8303-3413-2<\/p>\n<p>&nbsp;<\/p>\n<p>Im Jahr 1991 haben elf Karikaturisten und zwei Journalisten den Verein Cartoonfabrik gegr\u00fcndet, um mit Ausstellungen auch an ungew\u00f6hnlichen Orten Cartoons und Karikaturen zu f\u00f6rdern. Bislang haben sie \u00fcber 200 Ausstellungen organisiert.<\/p>\n<p>&nbsp;<\/p>\n<p>Seit 2008 veranstalten sie das Cartoonair am Meer im Ostseebad Prerow &#8211; ein deutschlandweit einzigartiges Karikaturen-Freiluftfestival mit thematischen Ausstellungen der besten Cartoonisten Deutschlands umrahmt von satirischen Abendveranstaltungen. In diesem Jahr findet vom 18.6. &#8211; 18.9. das 9. Cartoonair am Meer statt.<br \/>\nDas Motto lautet in diesem Sommer FITTE BILDER\u00a0&#8211; Cartoons zum Wohlf\u00fchlen.<\/p>\n<p>&nbsp;<\/p>\n<p>Das vorliegende Buch aus dem Lappan Verlag dokumentiert die besten Bilder und gibt einen repr\u00e4sentativen Einblick in die deutschen Cartoonistenszene. Witzig, originell, schr\u00e4g und unkorrekt nehmen die K\u00fcnstler den Fitnesswahn K\u00f6rperkult und andere angeblich gesunde Dinge aufs zeichnerische Korn.<\/p>\n","protected":false},"excerpt":{"rendered":"<p>&nbsp; &nbsp; &nbsp; Dieter Schwalm (Hg.), Fitte Bilder \u2013 Cartoons zum Wohlf\u00fchlen, Lappan 2016, ISBN 978-3-8303-3413-2 &nbsp; Im Jahr 1991 haben elf Karikaturisten und zwei Journalisten den Verein Cartoonfabrik gegr\u00fcndet, um mit Ausstellungen auch an ungew\u00f6hnlichen Orten Cartoons und Karikaturen zu f\u00f6rdern. Bislang haben sie \u00fcber 200 Ausstellungen organisiert. &nbsp; Seit 2008 veranstalten sie das &hellip; <a href=\"https:\/\/blog.liesdoch.de\/?p=2332\" class=\"more-link\"><span class=\"screen-reader-text\">Fitte Bilder<\/span> weiterlesen <span class=\"meta-nav\">&rarr;<\/span><\/a><\/p>\n","protected":false},"author":6,"featured_media":0,"comment_status":"open","ping_status":"open","sticky":false,"template":"","format":"standard","meta":{"footnotes":""},"categories":[1],"tags":[402],"class_list":["post-2332","post","type-post","status-publish","format-standard","hentry","category-allgemein","tag-cartoons"],"_links":{"self":[{"href":"https:\/\/blog.liesdoch.de\/index.php?rest_route=\/wp\/v2\/posts\/2332","targetHints":{"allow":["GET"]}}],"collection":[{"href":"https:\/\/blog.liesdoch.de\/index.php?rest_route=\/wp\/v2\/posts"}],"about":[{"href":"https:\/\/blog.liesdoch.de\/index.php?rest_route=\/wp\/v2\/types\/post"}],"author":[{"embeddable":true,"href":"https:\/\/blog.liesdoch.de\/index.php?rest_route=\/wp\/v2\/users\/6"}],"replies":[{"embeddable":true,"href":"https:\/\/blog.liesdoch.de\/index.php?rest_route=%2Fwp%2Fv2%2Fcomments&post=2332"}],"version-history":[{"count":1,"href":"https:\/\/blog.liesdoch.de\/index.php?rest_route=\/wp\/v2\/posts\/2332\/revisions"}],"predecessor-version":[{"id":2334,"href":"https:\/\/blog.liesdoch.de\/index.php?rest_route=\/wp\/v2\/posts\/2332\/revisions\/2334"}],"wp:attachment":[{"href":"https:\/\/blog.liesdoch.de\/index.php?rest_route=%2Fwp%2Fv2%2Fmedia&parent=2332"}],"wp:term":[{"taxonomy":"category","embeddable":true,"href":"https:\/\/blog.liesdoch.de\/index.php?rest_route=%2Fwp%2Fv2%2Fcategories&post=2332"},{"taxonomy":"post_tag","embeddable":true,"href":"https:\/\/blog.liesdoch.de\/index.php?rest_route=%2Fwp%2Fv2%2Ftags&post=2332"}],"curies":[{"name":"wp","href":"https:\/\/api.w.org\/{rel}","templated":true}]}}