{"id":2346,"date":"2016-08-15T13:24:14","date_gmt":"2016-08-15T11:24:14","guid":{"rendered":"http:\/\/blog.liesdoch.de\/?p=2346"},"modified":"2016-08-15T13:24:14","modified_gmt":"2016-08-15T11:24:14","slug":"auf-leben-und-tod","status":"publish","type":"post","link":"https:\/\/blog.liesdoch.de\/?p=2346","title":{"rendered":"Auf Leben und Tod"},"content":{"rendered":"<p>&nbsp;<\/p>\n<p>&nbsp;<\/p>\n<p>&nbsp;<\/p>\n<p><a href=\"http:\/\/blog.liesdoch.de\/wp-content\/uploads\/2016\/08\/44905583z.jpg\"><img loading=\"lazy\" decoding=\"async\" class=\"alignnone size-medium wp-image-2347\" src=\"http:\/\/blog.liesdoch.de\/wp-content\/uploads\/2016\/08\/44905583z-256x300.jpg\" alt=\"44905583z\" width=\"256\" height=\"300\" srcset=\"https:\/\/blog.liesdoch.de\/wp-content\/uploads\/2016\/08\/44905583z-256x300.jpg 256w, https:\/\/blog.liesdoch.de\/wp-content\/uploads\/2016\/08\/44905583z.jpg 340w\" sizes=\"auto, (max-width: 256px) 100vw, 256px\" \/><\/a><\/p>\n<p>&nbsp;<\/p>\n<p>Martin Sonntag, Auf Leben und Tod. Cartoons und Karikaturen, Lappan 2016, ISBN 978-3-8303-3453-8<\/p>\n<p>&nbsp;<\/p>\n<p>Mit dem Tod sei nicht zu spa\u00dfen, so hei\u00dft es seit Urzeiten im Volksmund. Tats\u00e4chlich ist er eine traurige und ernste Sache, f\u00fcr die, die davon betroffen sind, entweder, weil sie gegangen oder hinterblieben sind.<\/p>\n<p>&nbsp;<\/p>\n<p>Und was w\u00e4re eine so angeblich ernste Sache eine bessere Gelegenheit, als ihr mit Cartoons und Karikaturen ein wenig auf den ach so ernsthaften Leib zu r\u00fccken und dem Tod mit Mitteln des Humors seine vielfach behauptete Macht zu nehmen.<\/p>\n<p>&nbsp;<\/p>\n<p>Die \u00fcber drei\u00dfig K\u00fcnstler, deren Werke Martin Sonntag hier in diesem Lappan-Band zusammengestellt hat, weilen zum Teil schon lange nicht unter den Lebenden. Mit ihren hier wieder abgedruckten Zeichnungen zeigen sie dem Tod auch heute noch eine lange Nase, die sich auch beim Lachen nicht verbiegt.<\/p>\n<p>&nbsp;<\/p>\n<p>K\u00f6stlicher Humor. Typisch Lappan\u00a0 eben.<\/p>\n","protected":false},"excerpt":{"rendered":"<p>&nbsp; &nbsp; &nbsp; &nbsp; Martin Sonntag, Auf Leben und Tod. Cartoons und Karikaturen, Lappan 2016, ISBN 978-3-8303-3453-8 &nbsp; Mit dem Tod sei nicht zu spa\u00dfen, so hei\u00dft es seit Urzeiten im Volksmund. Tats\u00e4chlich ist er eine traurige und ernste Sache, f\u00fcr die, die davon betroffen sind, entweder, weil sie gegangen oder hinterblieben sind. &nbsp; Und &hellip; <a href=\"https:\/\/blog.liesdoch.de\/?p=2346\" class=\"more-link\"><span class=\"screen-reader-text\">Auf Leben und Tod<\/span> weiterlesen <span class=\"meta-nav\">&rarr;<\/span><\/a><\/p>\n","protected":false},"author":6,"featured_media":0,"comment_status":"open","ping_status":"open","sticky":false,"template":"","format":"standard","meta":{"footnotes":""},"categories":[1],"tags":[402],"class_list":["post-2346","post","type-post","status-publish","format-standard","hentry","category-allgemein","tag-cartoons"],"_links":{"self":[{"href":"https:\/\/blog.liesdoch.de\/index.php?rest_route=\/wp\/v2\/posts\/2346","targetHints":{"allow":["GET"]}}],"collection":[{"href":"https:\/\/blog.liesdoch.de\/index.php?rest_route=\/wp\/v2\/posts"}],"about":[{"href":"https:\/\/blog.liesdoch.de\/index.php?rest_route=\/wp\/v2\/types\/post"}],"author":[{"embeddable":true,"href":"https:\/\/blog.liesdoch.de\/index.php?rest_route=\/wp\/v2\/users\/6"}],"replies":[{"embeddable":true,"href":"https:\/\/blog.liesdoch.de\/index.php?rest_route=%2Fwp%2Fv2%2Fcomments&post=2346"}],"version-history":[{"count":1,"href":"https:\/\/blog.liesdoch.de\/index.php?rest_route=\/wp\/v2\/posts\/2346\/revisions"}],"predecessor-version":[{"id":2348,"href":"https:\/\/blog.liesdoch.de\/index.php?rest_route=\/wp\/v2\/posts\/2346\/revisions\/2348"}],"wp:attachment":[{"href":"https:\/\/blog.liesdoch.de\/index.php?rest_route=%2Fwp%2Fv2%2Fmedia&parent=2346"}],"wp:term":[{"taxonomy":"category","embeddable":true,"href":"https:\/\/blog.liesdoch.de\/index.php?rest_route=%2Fwp%2Fv2%2Fcategories&post=2346"},{"taxonomy":"post_tag","embeddable":true,"href":"https:\/\/blog.liesdoch.de\/index.php?rest_route=%2Fwp%2Fv2%2Ftags&post=2346"}],"curies":[{"name":"wp","href":"https:\/\/api.w.org\/{rel}","templated":true}]}}