{"id":2407,"date":"2016-08-24T14:53:39","date_gmt":"2016-08-24T12:53:39","guid":{"rendered":"http:\/\/blog.liesdoch.de\/?p=2407"},"modified":"2016-08-24T14:53:39","modified_gmt":"2016-08-24T12:53:39","slug":"das-leben-und-ich","status":"publish","type":"post","link":"https:\/\/blog.liesdoch.de\/?p=2407","title":{"rendered":"Das Leben und ich"},"content":{"rendered":"<p>&nbsp;<\/p>\n<p>&nbsp;<\/p>\n<p><a href=\"http:\/\/blog.liesdoch.de\/wp-content\/uploads\/2016\/08\/44120614z.jpg\"><img loading=\"lazy\" decoding=\"async\" class=\"alignnone size-medium wp-image-2408\" src=\"http:\/\/blog.liesdoch.de\/wp-content\/uploads\/2016\/08\/44120614z-242x300.jpg\" alt=\"44120614z\" width=\"242\" height=\"300\" srcset=\"https:\/\/blog.liesdoch.de\/wp-content\/uploads\/2016\/08\/44120614z-242x300.jpg 242w, https:\/\/blog.liesdoch.de\/wp-content\/uploads\/2016\/08\/44120614z.jpg 339w\" sizes=\"auto, (max-width: 242px) 100vw, 242px\" \/><\/a><\/p>\n<p>&nbsp;<\/p>\n<p>Elisabeth Helland Larsen, Marine Schneider, Das Leben und ich. Eine Geschichte \u00fcber den Tod, Kleine Gestalten 2016, ISBN 978-3-89955-770-1<\/p>\n<p>&nbsp;<\/p>\n<p>Zuerst 2015 in Norwegen erschienen, ist dieses wundersch\u00f6ne und poetische Bilderbuch eines der besten B\u00fccher \u00fcber den Tod, die ich je in H\u00e4nden hatte. Auch wenn sie noch nicht vom Tod eines Menschen betroffen waren, fragen Kinder schon sehr fr\u00fch nach dem Tod.<\/p>\n<p>&nbsp;<\/p>\n<p>Das Bilderbuch von Elisabeth Helland Larsen und Marine Schneider versucht auf eine zarte und liebevolle Weise die Kinder ernst zu nehmen und erz\u00e4hlt vom Tod.\u00a0 Er hat in diesem Buch die Gestalt eines gr\u00fcn\u00e4ugigen M\u00e4dchens mit einer Blume im Haar. Es zieht durch die Welt und erz\u00e4hlt von sich und dem, was es tut.<\/p>\n<p>&nbsp;<\/p>\n<p>Mit einer ehrlichen, direkten und poetischen Sprache erkl\u00e4rt Larsen den Kindern auch schwierige Situationen, etwa den Tod vieler Menschen durch Krieg, den Tod kleiner Kinder oder ungeborener Babys. Die\u00a0 tr\u00e4umerischen, zarten Bilder von Marine Schneider zeigen ohne Worte, was sonst so schwierig zu beschreiben ist.<\/p>\n<p>\u201eIch bin der Tod.<\/p>\n<p>So wie das Leben<\/p>\n<p>Leben ist,<\/p>\n<p>bin ich der Tod.\u201c<\/p>\n<p>&nbsp;<\/p>\n<p>So beginnt das Buch und am Ende verkn\u00fcpft der Tod, der in der Zwischenzeit f\u00fcr die kleinen Leser wie zu einer Freundin geworden ist, seine Existenz mit der Liebe:<\/p>\n<p>\u201eLiebe kann<\/p>\n<p>Trauer und Hass vertreiben.<\/p>\n<p>Liebe kann dich<\/p>\n<p>an jedem einzelnen Tag besuchen.<\/p>\n<p>Liebe stirbt nie,<\/p>\n<p>selbst wenn sie mich trifft.<\/p>\n<p>&nbsp;<\/p>\n<p>Ich bin der Tod,<\/p>\n<p>ein Teil des Lebens,<\/p>\n<p>ein Teil der Liebe<\/p>\n<p>und ein Teil von dir.\u201c<\/p>\n<p>&nbsp;<\/p>\n<p>Ein wundersch\u00f6nes, ernsthaftes und doch leichtf\u00fc\u00dfig daherkommendes Bilderbuch, das einen entsprechenden Buchpreis verdient hat.<\/p>\n<p>&nbsp;<\/p>\n","protected":false},"excerpt":{"rendered":"<p>&nbsp; &nbsp; &nbsp; Elisabeth Helland Larsen, Marine Schneider, Das Leben und ich. Eine Geschichte \u00fcber den Tod, Kleine Gestalten 2016, ISBN 978-3-89955-770-1 &nbsp; Zuerst 2015 in Norwegen erschienen, ist dieses wundersch\u00f6ne und poetische Bilderbuch eines der besten B\u00fccher \u00fcber den Tod, die ich je in H\u00e4nden hatte. Auch wenn sie noch nicht vom Tod eines &hellip; <a href=\"https:\/\/blog.liesdoch.de\/?p=2407\" class=\"more-link\"><span class=\"screen-reader-text\">Das Leben und ich<\/span> weiterlesen <span class=\"meta-nav\">&rarr;<\/span><\/a><\/p>\n","protected":false},"author":6,"featured_media":0,"comment_status":"open","ping_status":"open","sticky":false,"template":"","format":"standard","meta":{"footnotes":""},"categories":[1],"tags":[],"class_list":["post-2407","post","type-post","status-publish","format-standard","hentry","category-allgemein"],"_links":{"self":[{"href":"https:\/\/blog.liesdoch.de\/index.php?rest_route=\/wp\/v2\/posts\/2407","targetHints":{"allow":["GET"]}}],"collection":[{"href":"https:\/\/blog.liesdoch.de\/index.php?rest_route=\/wp\/v2\/posts"}],"about":[{"href":"https:\/\/blog.liesdoch.de\/index.php?rest_route=\/wp\/v2\/types\/post"}],"author":[{"embeddable":true,"href":"https:\/\/blog.liesdoch.de\/index.php?rest_route=\/wp\/v2\/users\/6"}],"replies":[{"embeddable":true,"href":"https:\/\/blog.liesdoch.de\/index.php?rest_route=%2Fwp%2Fv2%2Fcomments&post=2407"}],"version-history":[{"count":1,"href":"https:\/\/blog.liesdoch.de\/index.php?rest_route=\/wp\/v2\/posts\/2407\/revisions"}],"predecessor-version":[{"id":2409,"href":"https:\/\/blog.liesdoch.de\/index.php?rest_route=\/wp\/v2\/posts\/2407\/revisions\/2409"}],"wp:attachment":[{"href":"https:\/\/blog.liesdoch.de\/index.php?rest_route=%2Fwp%2Fv2%2Fmedia&parent=2407"}],"wp:term":[{"taxonomy":"category","embeddable":true,"href":"https:\/\/blog.liesdoch.de\/index.php?rest_route=%2Fwp%2Fv2%2Fcategories&post=2407"},{"taxonomy":"post_tag","embeddable":true,"href":"https:\/\/blog.liesdoch.de\/index.php?rest_route=%2Fwp%2Fv2%2Ftags&post=2407"}],"curies":[{"name":"wp","href":"https:\/\/api.w.org\/{rel}","templated":true}]}}