{"id":2445,"date":"2016-08-29T13:55:31","date_gmt":"2016-08-29T11:55:31","guid":{"rendered":"http:\/\/blog.liesdoch.de\/?p=2445"},"modified":"2016-08-29T13:55:31","modified_gmt":"2016-08-29T11:55:31","slug":"willkommen-im-kindergarten-paulchen","status":"publish","type":"post","link":"https:\/\/blog.liesdoch.de\/?p=2445","title":{"rendered":"Willkommen im Kindergarten, Paulchen!"},"content":{"rendered":"<p>&nbsp;<\/p>\n<p>&nbsp;<\/p>\n<p><a href=\"http:\/\/blog.liesdoch.de\/wp-content\/uploads\/2016\/08\/42665089z.jpg\"><img loading=\"lazy\" decoding=\"async\" class=\"alignnone size-medium wp-image-2446\" src=\"http:\/\/blog.liesdoch.de\/wp-content\/uploads\/2016\/08\/42665089z-300x300.jpg\" alt=\"42665089z\" width=\"300\" height=\"300\" srcset=\"https:\/\/blog.liesdoch.de\/wp-content\/uploads\/2016\/08\/42665089z-300x300.jpg 300w, https:\/\/blog.liesdoch.de\/wp-content\/uploads\/2016\/08\/42665089z-150x150.jpg 150w, https:\/\/blog.liesdoch.de\/wp-content\/uploads\/2016\/08\/42665089z.jpg 474w\" sizes=\"auto, (max-width: 300px) 100vw, 300px\" \/><\/a><\/p>\n<p>&nbsp;<\/p>\n<p>David Melling, Willkommen im Kindergarten, Paulchen, Oetinger 2016, ISBNN\u00a0 978-3-7891-6897-0<\/p>\n<p>&nbsp;<\/p>\n<p>Nachdem die bisherigen alle sehr erfolgreichen und von Mirjam Pressler ins Deutsche \u00fcbersetzten Bilderb\u00fccher des Engl\u00e4nders David Melling \u00fcber seine Kinderfigur, den putzigen kleinen B\u00e4r Paulchen als Pappbilderb\u00fccher in einem kleinen Format erschienen sind, verlegt der Oetinger Verlag das neue Buch, in dem Paulchen in den Kindergarten kommt\u00a0 als klassisches Bilderbuch.<\/p>\n<p>&nbsp;<\/p>\n<p>Tapfer marschieren Paulchen und seine Freunde eines Morgens zu ihrem ersten Tag im Kindergarten. Dort empf\u00e4ngt sie die Erzieherin Frau Muh-Huh. Paulchen ist ganz aufgeregt, er sp\u00fcrt ein\u00a0 Krabbeln im Bauch, das ihn ganz gl\u00fccklich macht.<\/p>\n<p>&nbsp;<\/p>\n<p>Und dann zeigt er Frau Muh-Huh und allen anderen Kindern das, was er am liebsten tut: knuffeln. Alle sind begeistert, knuffeln, was das Zeug h\u00e4lt und erleben an diesem ihren ersten Tag noch eine Menge lustiger Sachen, f\u00fcr die ihre Eltern vielleicht wenig Verst\u00e4ndnis h\u00e4tten. Doch Frau Muh-Huh beh\u00e4lt die Geduld, auch wenn sie am Abend, als sie Paulchen und die andern nach Hause verabschiedet, sich ersch\u00f6pft die Stirn wischt.<\/p>\n<p>&nbsp;<\/p>\n<p>Alle haben sie das gleiche Gef\u00fchl im Bauch:<\/p>\n<p>\u201eKindergarten macht so viel Spa\u00df!\u201c<\/p>\n<p>&nbsp;<\/p>\n<p>&nbsp;<\/p>\n","protected":false},"excerpt":{"rendered":"<p>&nbsp; &nbsp; &nbsp; David Melling, Willkommen im Kindergarten, Paulchen, Oetinger 2016, ISBNN\u00a0 978-3-7891-6897-0 &nbsp; Nachdem die bisherigen alle sehr erfolgreichen und von Mirjam Pressler ins Deutsche \u00fcbersetzten Bilderb\u00fccher des Engl\u00e4nders David Melling \u00fcber seine Kinderfigur, den putzigen kleinen B\u00e4r Paulchen als Pappbilderb\u00fccher in einem kleinen Format erschienen sind, verlegt der Oetinger Verlag das neue Buch, &hellip; <a href=\"https:\/\/blog.liesdoch.de\/?p=2445\" class=\"more-link\"><span class=\"screen-reader-text\">Willkommen im Kindergarten, Paulchen!<\/span> weiterlesen <span class=\"meta-nav\">&rarr;<\/span><\/a><\/p>\n","protected":false},"author":6,"featured_media":0,"comment_status":"open","ping_status":"open","sticky":false,"template":"","format":"standard","meta":{"footnotes":""},"categories":[1],"tags":[33],"class_list":["post-2445","post","type-post","status-publish","format-standard","hentry","category-allgemein","tag-bilderbuch"],"_links":{"self":[{"href":"https:\/\/blog.liesdoch.de\/index.php?rest_route=\/wp\/v2\/posts\/2445","targetHints":{"allow":["GET"]}}],"collection":[{"href":"https:\/\/blog.liesdoch.de\/index.php?rest_route=\/wp\/v2\/posts"}],"about":[{"href":"https:\/\/blog.liesdoch.de\/index.php?rest_route=\/wp\/v2\/types\/post"}],"author":[{"embeddable":true,"href":"https:\/\/blog.liesdoch.de\/index.php?rest_route=\/wp\/v2\/users\/6"}],"replies":[{"embeddable":true,"href":"https:\/\/blog.liesdoch.de\/index.php?rest_route=%2Fwp%2Fv2%2Fcomments&post=2445"}],"version-history":[{"count":1,"href":"https:\/\/blog.liesdoch.de\/index.php?rest_route=\/wp\/v2\/posts\/2445\/revisions"}],"predecessor-version":[{"id":2447,"href":"https:\/\/blog.liesdoch.de\/index.php?rest_route=\/wp\/v2\/posts\/2445\/revisions\/2447"}],"wp:attachment":[{"href":"https:\/\/blog.liesdoch.de\/index.php?rest_route=%2Fwp%2Fv2%2Fmedia&parent=2445"}],"wp:term":[{"taxonomy":"category","embeddable":true,"href":"https:\/\/blog.liesdoch.de\/index.php?rest_route=%2Fwp%2Fv2%2Fcategories&post=2445"},{"taxonomy":"post_tag","embeddable":true,"href":"https:\/\/blog.liesdoch.de\/index.php?rest_route=%2Fwp%2Fv2%2Ftags&post=2445"}],"curies":[{"name":"wp","href":"https:\/\/api.w.org\/{rel}","templated":true}]}}