{"id":252,"date":"2015-06-22T13:19:31","date_gmt":"2015-06-22T11:19:31","guid":{"rendered":"http:\/\/blog.liesdoch.de\/?p=252"},"modified":"2015-06-22T13:19:31","modified_gmt":"2015-06-22T11:19:31","slug":"wir-wollten-nichts-wir-wollten-alles","status":"publish","type":"post","link":"https:\/\/blog.liesdoch.de\/?p=252","title":{"rendered":"Wir wollten nichts. Wir wollten alles"},"content":{"rendered":"<p>&nbsp;<\/p>\n<p>&nbsp;<\/p>\n<p><a href=\"http:\/\/blog.liesdoch.de\/wp-content\/uploads\/2015\/06\/41727087n.jpg\"><img loading=\"lazy\" decoding=\"async\" class=\"alignnone size-full wp-image-253\" src=\"http:\/\/blog.liesdoch.de\/wp-content\/uploads\/2015\/06\/41727087n.jpg\" alt=\"41727087n\" width=\"184\" height=\"250\" \/><\/a><\/p>\n<p>&nbsp;<\/p>\n<p>&nbsp;<\/p>\n<p>Sanne Munk Jensen, Wir wollten nichts. Wir wollten alles, Oetinger 2015, ISBN 978-3-7891-3920-8<\/p>\n<p>&nbsp;<\/p>\n<p>\u201eAls sie uns aus dem Limfjord ziehen, h\u00e4ngen wir immer noch aneinander. Ich wei\u00df nicht, wie lange wir im Wasser gelegen haben, schwer zu sagen, man verliert irgendwie das Zeitgef\u00fchl.\u201c<\/p>\n<p>So beginnt die siebzehnj\u00e4hrige Louise nach ihrem zusammen mitihrem Freund und Geliebten Liam begangenen Selbstmord (sie habensich mit Handschellen aneinander gekettet und sind ins Wassergesprungen) ihre Erz\u00e4hlung.<\/p>\n<p>Eine Erz\u00e4hlung \u00fcber eine jugendliche Liebe, wie man sie sichabsoluter nicht vorstellen kann. Als Louise, die mit ihren Eltern nahe der Stadt Aalborg in D\u00e4nemark lebt, den zwei Jahre \u00e4lteren Liam<\/p>\n<p>kennenlernt, ist die Tristesse ihres Lebens vorbei. Beide sehen sich als Seelenverwandte, sie tr\u00e4umen von der gro\u00dfen Liebe, davon frei zu sein. Doch dann ger\u00e4t Liam in einen dunklen Strudle aus Rache, Verrat und untilgbarer Schuld und das Gl\u00fcck der beiden ist derma\u00dfen bedroht, das sie nur im gemeinsamen Suizid den Ausweg sehen.<\/p>\n<p>Louises Elternsind verzweifelt, doch als ihr Vater ihr Tagebuch findet, wird ihm klar, welches Leben seine Tochter und Liam in den vergangenen Monaten gef\u00fchrt haben, und warum sie beide keinen Ausweg mehr sahen.<\/p>\n<p>Es ist ein ber\u00fchrender, starker und m\u00e4chtiger Roman, der unter die Haut geht. Ein Roman, der nicht nur die die Geschichte einer starken jugendlichen Liebe erz\u00e4hlt, sondern auch sehr einf\u00fchlsam beschreiben kann, in welche Verzweiflung und Leere die beiden Familien gest\u00fcrzt werden.<\/p>\n<p>Ein anspruchsvoller Roman f\u00fcr Jugendliche, der aber Erwachsene sofort anzusprechen vermag. Ganz gro\u00dfe skandinavische Erz\u00e4hlkunst.<\/p>\n<p>&nbsp;<\/p>\n<p>&nbsp;<\/p>\n<p>&nbsp;<\/p>\n","protected":false},"excerpt":{"rendered":"<p>&nbsp; &nbsp; &nbsp; &nbsp; Sanne Munk Jensen, Wir wollten nichts. Wir wollten alles, Oetinger 2015, ISBN 978-3-7891-3920-8 &nbsp; \u201eAls sie uns aus dem Limfjord ziehen, h\u00e4ngen wir immer noch aneinander. Ich wei\u00df nicht, wie lange wir im Wasser gelegen haben, schwer zu sagen, man verliert irgendwie das Zeitgef\u00fchl.\u201c So beginnt die siebzehnj\u00e4hrige Louise nach ihrem &hellip; <a href=\"https:\/\/blog.liesdoch.de\/?p=252\" class=\"more-link\"><span class=\"screen-reader-text\">Wir wollten nichts. Wir wollten alles<\/span> weiterlesen <span class=\"meta-nav\">&rarr;<\/span><\/a><\/p>\n","protected":false},"author":6,"featured_media":0,"comment_status":"open","ping_status":"open","sticky":false,"template":"","format":"standard","meta":{"footnotes":""},"categories":[1],"tags":[58],"class_list":["post-252","post","type-post","status-publish","format-standard","hentry","category-allgemein","tag-jugendroman"],"_links":{"self":[{"href":"https:\/\/blog.liesdoch.de\/index.php?rest_route=\/wp\/v2\/posts\/252","targetHints":{"allow":["GET"]}}],"collection":[{"href":"https:\/\/blog.liesdoch.de\/index.php?rest_route=\/wp\/v2\/posts"}],"about":[{"href":"https:\/\/blog.liesdoch.de\/index.php?rest_route=\/wp\/v2\/types\/post"}],"author":[{"embeddable":true,"href":"https:\/\/blog.liesdoch.de\/index.php?rest_route=\/wp\/v2\/users\/6"}],"replies":[{"embeddable":true,"href":"https:\/\/blog.liesdoch.de\/index.php?rest_route=%2Fwp%2Fv2%2Fcomments&post=252"}],"version-history":[{"count":1,"href":"https:\/\/blog.liesdoch.de\/index.php?rest_route=\/wp\/v2\/posts\/252\/revisions"}],"predecessor-version":[{"id":254,"href":"https:\/\/blog.liesdoch.de\/index.php?rest_route=\/wp\/v2\/posts\/252\/revisions\/254"}],"wp:attachment":[{"href":"https:\/\/blog.liesdoch.de\/index.php?rest_route=%2Fwp%2Fv2%2Fmedia&parent=252"}],"wp:term":[{"taxonomy":"category","embeddable":true,"href":"https:\/\/blog.liesdoch.de\/index.php?rest_route=%2Fwp%2Fv2%2Fcategories&post=252"},{"taxonomy":"post_tag","embeddable":true,"href":"https:\/\/blog.liesdoch.de\/index.php?rest_route=%2Fwp%2Fv2%2Ftags&post=252"}],"curies":[{"name":"wp","href":"https:\/\/api.w.org\/{rel}","templated":true}]}}