{"id":2520,"date":"2016-09-07T13:19:55","date_gmt":"2016-09-07T11:19:55","guid":{"rendered":"http:\/\/blog.liesdoch.de\/?p=2520"},"modified":"2016-09-07T13:19:55","modified_gmt":"2016-09-07T11:19:55","slug":"das-euro-paradox","status":"publish","type":"post","link":"https:\/\/blog.liesdoch.de\/?p=2520","title":{"rendered":"Das Euro-Paradox"},"content":{"rendered":"<p>&nbsp;<\/p>\n<p>&nbsp;<\/p>\n<p>&nbsp;<\/p>\n<p><a href=\"http:\/\/blog.liesdoch.de\/wp-content\/uploads\/2016\/09\/44918833z.jpg\"><img loading=\"lazy\" decoding=\"async\" class=\"alignnone size-medium wp-image-2521\" src=\"http:\/\/blog.liesdoch.de\/wp-content\/uploads\/2016\/09\/44918833z-192x300.jpg\" alt=\"44918833z\" width=\"192\" height=\"300\" srcset=\"https:\/\/blog.liesdoch.de\/wp-content\/uploads\/2016\/09\/44918833z-192x300.jpg 192w, https:\/\/blog.liesdoch.de\/wp-content\/uploads\/2016\/09\/44918833z.jpg 304w\" sizes=\"auto, (max-width: 192px) 100vw, 192px\" \/><\/a><\/p>\n<p>&nbsp;<\/p>\n<p>Yanis Varoufakis, Das Euro-Paradox, Kunstmann 2016, ISBN 978-3-95614-126-3<\/p>\n<p>&nbsp;<\/p>\n<p>Als griechischer Finanzminister der ersten Regierung Tsipras machte er auf der europ\u00e4ischen B\u00fchne ein wenig gl\u00fcckliche Figur und konnte mit seinem Habit seine Kollegen, insbesondere den deutschen Finanzministers Sch\u00e4uble regelrecht zur Wei\u00dfglut bringen.<\/p>\n<p>&nbsp;<\/p>\n<p>Wenn man nun aber sein \u00fcberaus verst\u00e4ndliches und auch f\u00fcr finanzpolitische Laien anregendes und informatives Buch \u00fcber die Geschichte des Euro und dar\u00fcber, \u201ewie eine andere Geldpolitik Europa wieder zusammenf\u00fchren kann\u201c (Untertitel des Buches), kann man seine damalige beinharte Haltung und seine vergeblichen Versuche, seine Haltung verst\u00e4ndlich zu machen, nachvollziehen.<\/p>\n<p>&nbsp;<\/p>\n<p>Gr\u00fcndlich recherchiert und dokumentiert sind die Fakten in diesem \u00fcberraschend unpolemisch geschriebenen Buch. Seine Kritik vor allem an der Politik der Troika ist leidenschaftlich und seine pers\u00f6nliche Fundierung in einem radikal verstandenen Humanismus \u00fcberzeugend.<\/p>\n<p>&nbsp;<\/p>\n<p>Es gelingt Varoufakis wirtschaftliche Zusammenh\u00e4nge verst\u00e4ndlich zu erl\u00e4utern.\u00a0 Ob allerdings eine solche grundlegenden \u00dcberlegung und Neujustierung, wie er sie vorschl\u00e4gt, von denjenigen, die in Br\u00fcssel und anderswo die Europrobleme zu l\u00f6sen, \u00fcberhaupt zur Kenntnis genommen wird, scheint fraglich.<\/p>\n<p>&nbsp;<\/p>\n<p>&nbsp;<\/p>\n","protected":false},"excerpt":{"rendered":"<p>&nbsp; &nbsp; &nbsp; &nbsp; Yanis Varoufakis, Das Euro-Paradox, Kunstmann 2016, ISBN 978-3-95614-126-3 &nbsp; Als griechischer Finanzminister der ersten Regierung Tsipras machte er auf der europ\u00e4ischen B\u00fchne ein wenig gl\u00fcckliche Figur und konnte mit seinem Habit seine Kollegen, insbesondere den deutschen Finanzministers Sch\u00e4uble regelrecht zur Wei\u00dfglut bringen. &nbsp; Wenn man nun aber sein \u00fcberaus verst\u00e4ndliches und &hellip; <a href=\"https:\/\/blog.liesdoch.de\/?p=2520\" class=\"more-link\"><span class=\"screen-reader-text\">Das Euro-Paradox<\/span> weiterlesen <span class=\"meta-nav\">&rarr;<\/span><\/a><\/p>\n","protected":false},"author":6,"featured_media":0,"comment_status":"open","ping_status":"open","sticky":false,"template":"","format":"standard","meta":{"footnotes":""},"categories":[1],"tags":[],"class_list":["post-2520","post","type-post","status-publish","format-standard","hentry","category-allgemein"],"_links":{"self":[{"href":"https:\/\/blog.liesdoch.de\/index.php?rest_route=\/wp\/v2\/posts\/2520","targetHints":{"allow":["GET"]}}],"collection":[{"href":"https:\/\/blog.liesdoch.de\/index.php?rest_route=\/wp\/v2\/posts"}],"about":[{"href":"https:\/\/blog.liesdoch.de\/index.php?rest_route=\/wp\/v2\/types\/post"}],"author":[{"embeddable":true,"href":"https:\/\/blog.liesdoch.de\/index.php?rest_route=\/wp\/v2\/users\/6"}],"replies":[{"embeddable":true,"href":"https:\/\/blog.liesdoch.de\/index.php?rest_route=%2Fwp%2Fv2%2Fcomments&post=2520"}],"version-history":[{"count":1,"href":"https:\/\/blog.liesdoch.de\/index.php?rest_route=\/wp\/v2\/posts\/2520\/revisions"}],"predecessor-version":[{"id":2522,"href":"https:\/\/blog.liesdoch.de\/index.php?rest_route=\/wp\/v2\/posts\/2520\/revisions\/2522"}],"wp:attachment":[{"href":"https:\/\/blog.liesdoch.de\/index.php?rest_route=%2Fwp%2Fv2%2Fmedia&parent=2520"}],"wp:term":[{"taxonomy":"category","embeddable":true,"href":"https:\/\/blog.liesdoch.de\/index.php?rest_route=%2Fwp%2Fv2%2Fcategories&post=2520"},{"taxonomy":"post_tag","embeddable":true,"href":"https:\/\/blog.liesdoch.de\/index.php?rest_route=%2Fwp%2Fv2%2Ftags&post=2520"}],"curies":[{"name":"wp","href":"https:\/\/api.w.org\/{rel}","templated":true}]}}