{"id":2531,"date":"2016-09-08T12:43:17","date_gmt":"2016-09-08T10:43:17","guid":{"rendered":"http:\/\/blog.liesdoch.de\/?p=2531"},"modified":"2016-09-08T12:43:17","modified_gmt":"2016-09-08T10:43:17","slug":"die-geschichte-der-israelis-und-palaestinenser","status":"publish","type":"post","link":"https:\/\/blog.liesdoch.de\/?p=2531","title":{"rendered":"Die Geschichte der Israelis und Pal\u00e4stinenser"},"content":{"rendered":"<p>&nbsp;<\/p>\n<p>&nbsp;<\/p>\n<p>&nbsp;<\/p>\n<p><a href=\"http:\/\/blog.liesdoch.de\/wp-content\/uploads\/2016\/09\/43902543z.jpg\"><img loading=\"lazy\" decoding=\"async\" class=\"alignnone size-medium wp-image-2532\" src=\"http:\/\/blog.liesdoch.de\/wp-content\/uploads\/2016\/09\/43902543z-199x300.jpg\" alt=\"43902543z\" width=\"199\" height=\"300\" srcset=\"https:\/\/blog.liesdoch.de\/wp-content\/uploads\/2016\/09\/43902543z-199x300.jpg 199w, https:\/\/blog.liesdoch.de\/wp-content\/uploads\/2016\/09\/43902543z.jpg 316w\" sizes=\"auto, (max-width: 199px) 100vw, 199px\" \/><\/a><\/p>\n<p>&nbsp;<\/p>\n<p>&nbsp;<\/p>\n<p>Martin Sch\u00e4uble\/Noah Flug, Die Geschichte der Israelis und Pal\u00e4stinenser, DTV 2016, ISBN 978-3-423-62631-6<\/p>\n<p>&nbsp;<\/p>\n<p>Der Konflikt um &#8222;Erez Israel&#8220;, wie es die Juden nennen, oder &#8222;Pal\u00e4stina&#8220;, wie es die Pal\u00e4stinenser bezeichnen, ist uralt. Es vergeht kaum ein Monat, wo nicht dieses umstrittene und umk\u00e4mpfte Gebiet und die Menschen, die dort leben und arbeiten, oft \u00fcber mehrere Tage hinweg Thema in unseren Nachrichten sind. Manches Mal gibt es auch Hintergrundsendungen oder Talkshows, doch auch hier wird immer nur das wiederholt, was alle schon kennen, h\u00e4ufig verbunden mit der Einsch\u00e4tzung, da\u00df dies eben ein alter Konflikt sei, der wohl nie gel\u00f6st werden wird. Dennoch m\u00fchen sich die Administrationen der gro\u00dfen M\u00e4chte dieser Erde immer wieder, die Beteiligten an diesem unendlichen Konflikt an einen Tisch zu bringen und auch die Achsenm\u00e4chte mit ein zubeziehen. Sie tun dies nicht, weil sie dieses Land so lieben w\u00fcrden. Deutschland tut es aus geschichtlicher Verantwortung gegen\u00fcber dem j\u00fcdischen Volk, andere tun es aus Machtinteresse. Und dennoch braucht dieses durch zahllose Kriege gebeutelte Land und die miteinander verfeindeten Bev\u00f6lkerungsteile nichts mehr als Frieden. Denn diese Weltgegend ist nicht nur aus vielf\u00e4ltigen historischen Gr\u00fcnden ein Pulverfa\u00df. Gelingt es nicht, dort die Konflikte wenigstens einzud\u00e4mmen, k\u00f6nnte daraus ein gro\u00dfer, letztlich weltumspannender Konflikt katastrophalen Ausma\u00dfes werden.<\/p>\n<p>Dem vorliegenden Buch gelingt es auf beispielhafte Weise, die betroffenen Menschen zu Wort kommen zu lassen, und \u00fcber diese pers\u00f6nlichen Zeugnisse aus Vergangenheit und Gegenwart dem jugendlichen und auch erwachsenen Leser einen profunden geschichtlichen und politischen \u00dcberblick zu geben. Dass die beiden engagierten Autoren auch nicht wissen, wie das Problem zu l\u00f6sen sei, liegt in der Natur und der Dimension des Konflikts. Aber ihr publizistischer Weg, die Menschen zu Wort kommen zu lassen, ist nachahmenswert.<\/p>\n<p>Ausgesuchtes Bildmaterial, Literatur- und Webhinweise, sowie eine Zeittafel runden ein ausgesprochen gelungenes und empfehlenswertes Buch ab, das in jede \u00f6ffentliche Bibliothek geh\u00f6rt. Die hier vorliegende Ausgabe bei DTV ist eine erneut aktualisierte und erweitere Neuausgabe.<\/p>\n<p>&nbsp;<\/p>\n","protected":false},"excerpt":{"rendered":"<p>&nbsp; &nbsp; &nbsp; &nbsp; &nbsp; Martin Sch\u00e4uble\/Noah Flug, Die Geschichte der Israelis und Pal\u00e4stinenser, DTV 2016, ISBN 978-3-423-62631-6 &nbsp; Der Konflikt um &#8222;Erez Israel&#8220;, wie es die Juden nennen, oder &#8222;Pal\u00e4stina&#8220;, wie es die Pal\u00e4stinenser bezeichnen, ist uralt. Es vergeht kaum ein Monat, wo nicht dieses umstrittene und umk\u00e4mpfte Gebiet und die Menschen, die dort &hellip; <a href=\"https:\/\/blog.liesdoch.de\/?p=2531\" class=\"more-link\"><span class=\"screen-reader-text\">Die Geschichte der Israelis und Pal\u00e4stinenser<\/span> weiterlesen <span class=\"meta-nav\">&rarr;<\/span><\/a><\/p>\n","protected":false},"author":6,"featured_media":0,"comment_status":"open","ping_status":"open","sticky":false,"template":"","format":"standard","meta":{"footnotes":""},"categories":[1],"tags":[],"class_list":["post-2531","post","type-post","status-publish","format-standard","hentry","category-allgemein"],"_links":{"self":[{"href":"https:\/\/blog.liesdoch.de\/index.php?rest_route=\/wp\/v2\/posts\/2531","targetHints":{"allow":["GET"]}}],"collection":[{"href":"https:\/\/blog.liesdoch.de\/index.php?rest_route=\/wp\/v2\/posts"}],"about":[{"href":"https:\/\/blog.liesdoch.de\/index.php?rest_route=\/wp\/v2\/types\/post"}],"author":[{"embeddable":true,"href":"https:\/\/blog.liesdoch.de\/index.php?rest_route=\/wp\/v2\/users\/6"}],"replies":[{"embeddable":true,"href":"https:\/\/blog.liesdoch.de\/index.php?rest_route=%2Fwp%2Fv2%2Fcomments&post=2531"}],"version-history":[{"count":1,"href":"https:\/\/blog.liesdoch.de\/index.php?rest_route=\/wp\/v2\/posts\/2531\/revisions"}],"predecessor-version":[{"id":2533,"href":"https:\/\/blog.liesdoch.de\/index.php?rest_route=\/wp\/v2\/posts\/2531\/revisions\/2533"}],"wp:attachment":[{"href":"https:\/\/blog.liesdoch.de\/index.php?rest_route=%2Fwp%2Fv2%2Fmedia&parent=2531"}],"wp:term":[{"taxonomy":"category","embeddable":true,"href":"https:\/\/blog.liesdoch.de\/index.php?rest_route=%2Fwp%2Fv2%2Fcategories&post=2531"},{"taxonomy":"post_tag","embeddable":true,"href":"https:\/\/blog.liesdoch.de\/index.php?rest_route=%2Fwp%2Fv2%2Ftags&post=2531"}],"curies":[{"name":"wp","href":"https:\/\/api.w.org\/{rel}","templated":true}]}}