{"id":2534,"date":"2016-09-08T12:43:57","date_gmt":"2016-09-08T10:43:57","guid":{"rendered":"http:\/\/blog.liesdoch.de\/?p=2534"},"modified":"2016-09-08T12:43:57","modified_gmt":"2016-09-08T10:43:57","slug":"patient-ohne-verfuegung","status":"publish","type":"post","link":"https:\/\/blog.liesdoch.de\/?p=2534","title":{"rendered":"Patient ohne Verf\u00fcgung"},"content":{"rendered":"<p>&nbsp;<\/p>\n<p>&nbsp;<\/p>\n<p>&nbsp;<\/p>\n<p><a href=\"http:\/\/blog.liesdoch.de\/wp-content\/uploads\/2016\/09\/44880889z.jpg\"><img loading=\"lazy\" decoding=\"async\" class=\"alignnone size-medium wp-image-2535\" src=\"http:\/\/blog.liesdoch.de\/wp-content\/uploads\/2016\/09\/44880889z-182x300.jpg\" alt=\"44880889z\" width=\"182\" height=\"300\" srcset=\"https:\/\/blog.liesdoch.de\/wp-content\/uploads\/2016\/09\/44880889z-182x300.jpg 182w, https:\/\/blog.liesdoch.de\/wp-content\/uploads\/2016\/09\/44880889z.jpg 289w\" sizes=\"auto, (max-width: 182px) 100vw, 182px\" \/><\/a><\/p>\n<p>Matthias Th\u00f6ns, Patient ohne Verf\u00fcgung, Piper 2016, ISBN 978-3-492-05776-9<\/p>\n<p>&nbsp;<\/p>\n<p>Das vorliegende Buch von Matthias Th\u00f6ns, der schon seit langer Zeit \u00fcber dieses Thema nachdenkt und als niedergelassener Palliativarzt vielf\u00e4ltige Erfahrungen damit gemacht hat,, ist ein weiterer gro\u00dfer Stein, der aus einer gro\u00dfen Mauer entfernt wird. Eine Mauer, \u00fcber eine lange Zeit aufgebaut worden, die um den Tod herumgezogen wird. Eine Mauer, die den Tod tabuisiert und ins Anonyme von Sterbezimmern, Altenheimen und Krankenh\u00e4usern zwingt. In einer Gesellschaft, die das Junge preist, den Erfolg, die der Leistung und der Sch\u00f6nheit huldigt, hat der Tod keinen Platz.<\/p>\n<p>&nbsp;<\/p>\n<p>Doch es gibt schon seit vielen Jahren eine Bewegung, die nicht nur in B\u00fcchern, sondern auch ganz praktisch in immer mehr Hospizen und den Gruppen, die sie tragen, haupt- und vor allen Dingen ehrenamtlich, versucht, eine Kultur zu etablieren, in der man \u00fcber das Sterben und den Tod wieder reden und den Abschied leben lernen kann.<\/p>\n<p>&nbsp;<\/p>\n<p>Das vorliegende Buch ist ein wichtiger Beitrag dazu. Mit gro\u00dfer Detailkenntnis schreibt Matthias Th\u00f6ns vom \u201eGesch\u00e4ft mit dem Lebensende\u201c, das mit \u201ePatient(en) ohne Verf\u00fcgung\u201c in den deutschen Kliniken gemacht wird.<\/p>\n<p>&nbsp;<\/p>\n<p>Da geht es in verschiedenen Kapiteln in einem ersten Teil um die h\u00e4ufigsten F\u00e4lle, wo Leben sinnlos verl\u00e4ngert und das Leiden der Menschen nicht gelindert wird:<\/p>\n<p>&nbsp;<\/p>\n<ul>\n<li>Lungenversagen<\/li>\n<li>Chemotherapie ohne Wenn und Aber<\/li>\n<li>Unn\u00f6tige Operationen<\/li>\n<li>Wehrlos im Wachkoma<\/li>\n<li>Dialyse<\/li>\n<li>Strahlentherapie<\/li>\n<li>K\u00fcnstliche Ern\u00e4hrung<\/li>\n<\/ul>\n<p>u.a.<\/p>\n<p>&nbsp;<\/p>\n<p>In einem zweiten Teil geht es um Alternativen bei Schmerzen, beim Notarztdienst, und in der Palliativversorgung.<\/p>\n<p>&nbsp;<\/p>\n<p>Es geht um den m\u00fcndigen Patienten. Zu dieser M\u00fcndigkeit will das Buch ermutigen. Deshalb hat Th\u00f6ns auch im Anhang eine Patientenverf\u00fcgung abgedruckt, die auf den neuesten rechtlichen Stand ist.<\/p>\n<p>&nbsp;<\/p>\n<p>Es ist wichtiges Buch, das keinen unber\u00fchrt l\u00e4sst, der sein\u00a0 eigenes Sterben und seinen Tod nicht immer noch mit Macht verdr\u00e4ngt (dann greift er wohl nicht zu diesem Buch). Ein Buch f\u00fcr Menschen, die f\u00fcr sich selbst und dann vielleicht auch im Gespr\u00e4ch mit denen, die ihnen lieb und wert sind, lernen wollen, sich in dieser Tabuzone freier zu bewegen Dazu will Matthias Th\u00f6ns mit seinen Pl\u00e4doyer gegen \u00dcbertherapie am Lebensende ermutigen. Er w\u00e4re sicher auch mit jenem Satz einverstanden, den Henning Scherf und Annelie Keil in ihrem gleichzeitig erschienenen Buch \u201eDas letzte Tabu\u201c formulieren:<\/p>\n<p>\u201eAlles Leben ist endlich. Wir m\u00f6chten Mut machen, sich darauf wieder zu besinnen. Gerade im Sterben, wenn wir unsere Verletzlichkeit besonders stark erfahren, brauchen wir Professionalit\u00e4t und Phantasie, Eigensinn und gegenseitigem Respekt, vor allem aber pers\u00f6nliche menschliche Zuwendung. Wenn wir \u00c4ngste und Sorgen gemeinsam annehmen, bleibt niemand ausgeschlossen; so kann eine Kultur der Menschlichkeit am Lebensende gelingen.\u201c<\/p>\n<p>&nbsp;<\/p>\n<p>&nbsp;<\/p>\n","protected":false},"excerpt":{"rendered":"<p>&nbsp; &nbsp; &nbsp; Matthias Th\u00f6ns, Patient ohne Verf\u00fcgung, Piper 2016, ISBN 978-3-492-05776-9 &nbsp; Das vorliegende Buch von Matthias Th\u00f6ns, der schon seit langer Zeit \u00fcber dieses Thema nachdenkt und als niedergelassener Palliativarzt vielf\u00e4ltige Erfahrungen damit gemacht hat,, ist ein weiterer gro\u00dfer Stein, der aus einer gro\u00dfen Mauer entfernt wird. Eine Mauer, \u00fcber eine lange Zeit &hellip; <a href=\"https:\/\/blog.liesdoch.de\/?p=2534\" class=\"more-link\"><span class=\"screen-reader-text\">Patient ohne Verf\u00fcgung<\/span> weiterlesen <span class=\"meta-nav\">&rarr;<\/span><\/a><\/p>\n","protected":false},"author":6,"featured_media":0,"comment_status":"open","ping_status":"open","sticky":false,"template":"","format":"standard","meta":{"footnotes":""},"categories":[1],"tags":[],"class_list":["post-2534","post","type-post","status-publish","format-standard","hentry","category-allgemein"],"_links":{"self":[{"href":"https:\/\/blog.liesdoch.de\/index.php?rest_route=\/wp\/v2\/posts\/2534","targetHints":{"allow":["GET"]}}],"collection":[{"href":"https:\/\/blog.liesdoch.de\/index.php?rest_route=\/wp\/v2\/posts"}],"about":[{"href":"https:\/\/blog.liesdoch.de\/index.php?rest_route=\/wp\/v2\/types\/post"}],"author":[{"embeddable":true,"href":"https:\/\/blog.liesdoch.de\/index.php?rest_route=\/wp\/v2\/users\/6"}],"replies":[{"embeddable":true,"href":"https:\/\/blog.liesdoch.de\/index.php?rest_route=%2Fwp%2Fv2%2Fcomments&post=2534"}],"version-history":[{"count":1,"href":"https:\/\/blog.liesdoch.de\/index.php?rest_route=\/wp\/v2\/posts\/2534\/revisions"}],"predecessor-version":[{"id":2536,"href":"https:\/\/blog.liesdoch.de\/index.php?rest_route=\/wp\/v2\/posts\/2534\/revisions\/2536"}],"wp:attachment":[{"href":"https:\/\/blog.liesdoch.de\/index.php?rest_route=%2Fwp%2Fv2%2Fmedia&parent=2534"}],"wp:term":[{"taxonomy":"category","embeddable":true,"href":"https:\/\/blog.liesdoch.de\/index.php?rest_route=%2Fwp%2Fv2%2Fcategories&post=2534"},{"taxonomy":"post_tag","embeddable":true,"href":"https:\/\/blog.liesdoch.de\/index.php?rest_route=%2Fwp%2Fv2%2Ftags&post=2534"}],"curies":[{"name":"wp","href":"https:\/\/api.w.org\/{rel}","templated":true}]}}