{"id":2540,"date":"2016-09-08T15:01:00","date_gmt":"2016-09-08T13:01:00","guid":{"rendered":"http:\/\/blog.liesdoch.de\/?p=2540"},"modified":"2016-09-08T15:01:00","modified_gmt":"2016-09-08T13:01:00","slug":"die-fluechtlingsrevolution","status":"publish","type":"post","link":"https:\/\/blog.liesdoch.de\/?p=2540","title":{"rendered":"Die Fl\u00fcchtlingsrevolution"},"content":{"rendered":"<p>&nbsp;<\/p>\n<p>&nbsp;<\/p>\n<p><a href=\"http:\/\/blog.liesdoch.de\/wp-content\/uploads\/2016\/09\/44941967z.jpg\"><img loading=\"lazy\" decoding=\"async\" class=\"alignnone size-medium wp-image-2541\" src=\"http:\/\/blog.liesdoch.de\/wp-content\/uploads\/2016\/09\/44941967z-186x300.jpg\" alt=\"44941967z\" width=\"186\" height=\"300\" \/><\/a><\/p>\n<p>Marc Engelhardt (Hg.) Die Fl\u00fcchtlingsrevolution, Pantheon 2016, ISBN 978-.3-570-55339-8<\/p>\n<p>&nbsp;<\/p>\n<p>Wenn man die Nachrichten der letzten beiden Jahre in unserem Land verfolgt hat, kann man zu dem Eindruck kommen, Fl\u00fcchtlinge seien ein europ\u00e4isches und dort haupts\u00e4chlich ein\u00a0 deutsches Ph\u00e4nomen (die meisten nennen es ein Problem). Doch dass Menschen aus ihrer angestammten Heimat fliehen aus den unterschiedlichsten Gr\u00fcnden ist schon seit langem ein weltweites, ein globales Ph\u00e4nomen.<\/p>\n<p>Menschen fl\u00fcchten vor Krieg und Gewalt, vor Ungleichheit und Verfolgung, aus Angst vor dem Untergang oder dem Krieg in ihrer Heimat oder aus Sorge um die Zukunft ihrer Kinder. Diese neue V\u00f6lkerwanderung ver\u00e4ndert unsere Welt schon jetzt. Die Zahl von 60 Millionen, die die UN nennt, wird noch wachsen. Die sogenannten Weltreporter nennen das nicht mehr Fl\u00fcchtlingskrise, sondern pr\u00e4gen den Begriff der \u201eFl\u00fcchtlingsrevolution\u201c.\u00a0 In unz\u00e4hligen Gespr\u00e4chen mit Menschen \u00fcberall auf der Welt, in denen es um Hoffnung, Leid, Hilfsbereitschaft und Verunsicherung geht, kommen sie zum dem Schluss, dass die ganze Welt von den Ideen und Pl\u00e4nen dieser Menschen f\u00fcr eine neue Zukunft profitieren kann,\u00a0 wenn sie Ver\u00e4nderung zul\u00e4sst und Herausforderungen auf innovative Art und Weise l\u00f6st.<\/p>\n<p>&nbsp;<\/p>\n<p>Ein Buch, das Mut macht und Hoffnung s\u00e4t in einer Situation, in der viele Menschen bei uns und anderswo vor dem Ph\u00e4nomen in Angst erstarren und\u00a0 innen und au\u00dfen Z\u00e4une hochziehen.<\/p>\n<p>&nbsp;<\/p>\n<p>&nbsp;<\/p>\n<p>&nbsp;<\/p>\n","protected":false},"excerpt":{"rendered":"<p>&nbsp; &nbsp; Marc Engelhardt (Hg.) Die Fl\u00fcchtlingsrevolution, Pantheon 2016, ISBN 978-.3-570-55339-8 &nbsp; Wenn man die Nachrichten der letzten beiden Jahre in unserem Land verfolgt hat, kann man zu dem Eindruck kommen, Fl\u00fcchtlinge seien ein europ\u00e4isches und dort haupts\u00e4chlich ein\u00a0 deutsches Ph\u00e4nomen (die meisten nennen es ein Problem). Doch dass Menschen aus ihrer angestammten Heimat fliehen &hellip; <a href=\"https:\/\/blog.liesdoch.de\/?p=2540\" class=\"more-link\"><span class=\"screen-reader-text\">Die Fl\u00fcchtlingsrevolution<\/span> weiterlesen <span class=\"meta-nav\">&rarr;<\/span><\/a><\/p>\n","protected":false},"author":6,"featured_media":0,"comment_status":"open","ping_status":"open","sticky":false,"template":"","format":"standard","meta":{"footnotes":""},"categories":[1],"tags":[],"class_list":["post-2540","post","type-post","status-publish","format-standard","hentry","category-allgemein"],"_links":{"self":[{"href":"https:\/\/blog.liesdoch.de\/index.php?rest_route=\/wp\/v2\/posts\/2540","targetHints":{"allow":["GET"]}}],"collection":[{"href":"https:\/\/blog.liesdoch.de\/index.php?rest_route=\/wp\/v2\/posts"}],"about":[{"href":"https:\/\/blog.liesdoch.de\/index.php?rest_route=\/wp\/v2\/types\/post"}],"author":[{"embeddable":true,"href":"https:\/\/blog.liesdoch.de\/index.php?rest_route=\/wp\/v2\/users\/6"}],"replies":[{"embeddable":true,"href":"https:\/\/blog.liesdoch.de\/index.php?rest_route=%2Fwp%2Fv2%2Fcomments&post=2540"}],"version-history":[{"count":1,"href":"https:\/\/blog.liesdoch.de\/index.php?rest_route=\/wp\/v2\/posts\/2540\/revisions"}],"predecessor-version":[{"id":2542,"href":"https:\/\/blog.liesdoch.de\/index.php?rest_route=\/wp\/v2\/posts\/2540\/revisions\/2542"}],"wp:attachment":[{"href":"https:\/\/blog.liesdoch.de\/index.php?rest_route=%2Fwp%2Fv2%2Fmedia&parent=2540"}],"wp:term":[{"taxonomy":"category","embeddable":true,"href":"https:\/\/blog.liesdoch.de\/index.php?rest_route=%2Fwp%2Fv2%2Fcategories&post=2540"},{"taxonomy":"post_tag","embeddable":true,"href":"https:\/\/blog.liesdoch.de\/index.php?rest_route=%2Fwp%2Fv2%2Ftags&post=2540"}],"curies":[{"name":"wp","href":"https:\/\/api.w.org\/{rel}","templated":true}]}}