{"id":259,"date":"2015-06-24T08:40:34","date_gmt":"2015-06-24T06:40:34","guid":{"rendered":"http:\/\/blog.liesdoch.de\/?p=259"},"modified":"2015-06-24T08:40:34","modified_gmt":"2015-06-24T06:40:34","slug":"in-der-nacht","status":"publish","type":"post","link":"https:\/\/blog.liesdoch.de\/?p=259","title":{"rendered":"In der Nacht"},"content":{"rendered":"<p>&nbsp;<\/p>\n<p><a href=\"http:\/\/blog.liesdoch.de\/wp-content\/uploads\/2015\/06\/41761208n1.jpg\"><img loading=\"lazy\" decoding=\"async\" class=\"alignnone size-full wp-image-260\" src=\"http:\/\/blog.liesdoch.de\/wp-content\/uploads\/2015\/06\/41761208n1.jpg\" alt=\"41761208n\" width=\"156\" height=\"250\" \/><\/a><\/p>\n<p>Dennis Lehane, In der Nacht, Diogenes 2015, ISBN 978-3-257-24315-4<\/p>\n<p>Dieser\u00a0 Roman von Dennis Lehane geht \u00e4hnlich wie einer seiner Vorg\u00e4nger \u201eIm Aufruhr dieser Tage\u201c (2010) auf vielen hundert, niemals langweilig werdenden Seite zur\u00fcck in die amerikanische Geschichte.<\/p>\n<p>Damals waren \u201ejene Tage\u201c in Boston die zwischen dem Fr\u00fchjahr 1918 und dem Herbst 1919, eine Zeit, die von gro\u00dfer antikommunistischer Hysterie erf\u00fcllt war.<\/p>\n<p>Auf dem Hintergrund der Geschichte der beiden Hauptfiguren des Romans, dem Farbigen Luther Laurence und dem Polizisten Danny Coughlin breitete Lehane in epischer Form die ganze Geschichte dieser Zeit aus. Es las sich wie eine Kultur- und Sozialgeschichte nicht nur Bostons, sondern der ganzen USA.<\/p>\n<p>Auch das neue Buch spielt in Boston und beginnt im Jahr 1926 mit einer Szene, die der Handlung vorgreift, aber nichts wirklich \u00fcber sie verr\u00e4t.<\/p>\n<p>Es ist die spannende und unterhaltsame Geschichte von Joe Coughlin, der zun\u00e4chst als kleiner Handlanger eines Bostoner Syndikats sich w\u00e4hrend eines zweij\u00e4hrigen Aufenthaltes im h\u00e4rtesten Knast des Landes in Charlestown zahlreichen Bew\u00e4hrungsproben ausgesetzt sieht. Wieder entlassen, entwickelt er sich w\u00e4hrend der Prohibition zu einem Stehaufm\u00e4nnchen, dem es gelingt, immer wieder auf die F\u00fc\u00dfe zu fallen, und der sich geschickt in den verschiedenen sich bek\u00e4mpfenden Clans positioniert.<\/p>\n<p>Immer m\u00e4chtiger wird er, bis er am Ende zum m\u00e4chtigsten Rum-Schmuggler in Florida aufgestiegen ist. Wenn da nur nicht seine unstillbare Faszination f\u00fcr eine Frau w\u00e4re, die ihn immer wieder vom Weg abzubringen droht\u2026<\/p>\n<p>Mit zahlreichen Verweisen auf die Politik der Jahre 1926-1935, dem Handlungszeitraum des Romans, gespickt, etwa die Hinrichtung von Sacco und Vanzetti in Charlestown im August 1927, ist der Roman eine spannende Lekt\u00fcre, die trotz der L\u00e4nge an keiner Stelle langweilig wird, und mit dauernden \u00dcberraschungen und Wendungen aufwarten kann.<\/p>\n<p>Wer ein richtiges Gangster-Epos mit literarischer Qualit\u00e4t sucht, hier ist es.<\/p>\n","protected":false},"excerpt":{"rendered":"<p>&nbsp; Dennis Lehane, In der Nacht, Diogenes 2015, ISBN 978-3-257-24315-4 Dieser\u00a0 Roman von Dennis Lehane geht \u00e4hnlich wie einer seiner Vorg\u00e4nger \u201eIm Aufruhr dieser Tage\u201c (2010) auf vielen hundert, niemals langweilig werdenden Seite zur\u00fcck in die amerikanische Geschichte. Damals waren \u201ejene Tage\u201c in Boston die zwischen dem Fr\u00fchjahr 1918 und dem Herbst 1919, eine Zeit, &hellip; <a href=\"https:\/\/blog.liesdoch.de\/?p=259\" class=\"more-link\"><span class=\"screen-reader-text\">In der Nacht<\/span> weiterlesen <span class=\"meta-nav\">&rarr;<\/span><\/a><\/p>\n","protected":false},"author":6,"featured_media":0,"comment_status":"open","ping_status":"open","sticky":false,"template":"","format":"standard","meta":{"footnotes":""},"categories":[1],"tags":[102,101],"class_list":["post-259","post","type-post","status-publish","format-standard","hentry","category-allgemein","tag-dennis-lehane","tag-gangsterepos"],"_links":{"self":[{"href":"https:\/\/blog.liesdoch.de\/index.php?rest_route=\/wp\/v2\/posts\/259","targetHints":{"allow":["GET"]}}],"collection":[{"href":"https:\/\/blog.liesdoch.de\/index.php?rest_route=\/wp\/v2\/posts"}],"about":[{"href":"https:\/\/blog.liesdoch.de\/index.php?rest_route=\/wp\/v2\/types\/post"}],"author":[{"embeddable":true,"href":"https:\/\/blog.liesdoch.de\/index.php?rest_route=\/wp\/v2\/users\/6"}],"replies":[{"embeddable":true,"href":"https:\/\/blog.liesdoch.de\/index.php?rest_route=%2Fwp%2Fv2%2Fcomments&post=259"}],"version-history":[{"count":1,"href":"https:\/\/blog.liesdoch.de\/index.php?rest_route=\/wp\/v2\/posts\/259\/revisions"}],"predecessor-version":[{"id":261,"href":"https:\/\/blog.liesdoch.de\/index.php?rest_route=\/wp\/v2\/posts\/259\/revisions\/261"}],"wp:attachment":[{"href":"https:\/\/blog.liesdoch.de\/index.php?rest_route=%2Fwp%2Fv2%2Fmedia&parent=259"}],"wp:term":[{"taxonomy":"category","embeddable":true,"href":"https:\/\/blog.liesdoch.de\/index.php?rest_route=%2Fwp%2Fv2%2Fcategories&post=259"},{"taxonomy":"post_tag","embeddable":true,"href":"https:\/\/blog.liesdoch.de\/index.php?rest_route=%2Fwp%2Fv2%2Ftags&post=259"}],"curies":[{"name":"wp","href":"https:\/\/api.w.org\/{rel}","templated":true}]}}