{"id":2613,"date":"2016-09-16T13:01:59","date_gmt":"2016-09-16T11:01:59","guid":{"rendered":"http:\/\/blog.liesdoch.de\/?p=2613"},"modified":"2016-09-16T13:01:59","modified_gmt":"2016-09-16T11:01:59","slug":"kleine-nachtkatze","status":"publish","type":"post","link":"https:\/\/blog.liesdoch.de\/?p=2613","title":{"rendered":"Kleine Nachtkatze"},"content":{"rendered":"<p>&nbsp;<\/p>\n<p>&nbsp;<\/p>\n<p>&nbsp;<\/p>\n<p><a href=\"http:\/\/blog.liesdoch.de\/wp-content\/uploads\/2016\/09\/44900688z.jpg\"><img loading=\"lazy\" decoding=\"async\" class=\"alignnone size-medium wp-image-2614\" src=\"http:\/\/blog.liesdoch.de\/wp-content\/uploads\/2016\/09\/44900688z-250x300.jpg\" alt=\"44900688z\" width=\"250\" height=\"300\" srcset=\"https:\/\/blog.liesdoch.de\/wp-content\/uploads\/2016\/09\/44900688z-250x300.jpg 250w, https:\/\/blog.liesdoch.de\/wp-content\/uploads\/2016\/09\/44900688z.jpg 340w\" sizes=\"auto, (max-width: 250px) 100vw, 250px\" \/><\/a><\/p>\n<p>Sonja Danowski, Kleine Nachtkatze, NordS\u00fcd 2016, ISBN 978-3-314-10337-7<\/p>\n<p>&nbsp;<\/p>\n<p>Dem von ihr illustrierten ins Deutsche \u00fcbersetzten Bilderbuch \u201eOma trinkt im Himmel Tee\u201c, das 2015 ebenfalls bei NordS\u00fcd erschienen ist, hat in diesem Jahr die American Library Association die Auszeichnung \u201eMildred-L.-Batchelder-Ehrenbuch verliehen. Es war ein sehr einf\u00fchlsames und am Ende dann gar nicht mehr so trauriges Buch \u00fcber Verlust und Erinnerung aus der Wahrnehmung eines Kindes, das durch Sonja Danowskis zauberhafte Bilder eine sehr tiefe und stimmige Aussage erhielt.<\/p>\n<p>&nbsp;<\/p>\n<p>Nun legt sie wieder ein wunderbares Bilderbuch vor, f\u00fcr das sie sogar ein kleines Lied komponiert hat, das den gleichen Titel tr\u00e4gt wie das Buch.<\/p>\n<p>&nbsp;<\/p>\n<p>Darin wird erz\u00e4hlt von dem kleinen Jungen Toni und seiner ganz au\u00dfergew\u00f6hnlich innigen und liebevollen Beziehung zu seiner Mutter. Die hat am n\u00e4chsten Tag mit ihrem Cello einen Auftritt im \u00f6rtlichen Tierheim, wo eine Tombola die Einnahmen f\u00fcr die Verpflegung der Tiere verbessern soll. Toni will sich daran beteiligen und malt ein Bild von einem sch\u00f6nen Panther. Doch das scheint ihm nicht genug, und deshalb schl\u00e4gt er seiner Mutter vor, all seine Kuscheltiere zu spenden.<\/p>\n<p>&nbsp;<\/p>\n<p>\u00dcberraschenderweise stimmt sie zu, und so fahren sie am n\u00e4chsten Tag ins Tierheim. Dort lernt er einen Kater mit samtgrauem Fell kennen, der auf den Namen Valentin h\u00f6rt und summt ihm das Lied von der kleinen Nachtkatze vor( ist am Ende des Buches abgedruckt zum Nachspielen und Summen).<\/p>\n<p>&nbsp;<\/p>\n<p>Die Tombola wird ein gro\u00dfer Erfolg und auch der Auftritt seiner Mutter mit Anne, der Leiterin des Tierheims, kommt gut an. Gl\u00fccklich und zufrieden kehrt Toni nach Hause zur\u00fcck, nachdem er sich noch einmal extra von Valentin verabschiedet hat. Aber er kann an diesem Tag nicht einschlafen, weil er seine Kuscheltiere vermisst. Seine Mutter hat schon so etwas geahnt, und schenkt ihm den alten Pl\u00fcschkater Paul, den sie selbst vor 30 Jahren als Kuscheltier hatte.<\/p>\n<p>&nbsp;<\/p>\n<p>Toni ist zufrieden, um Paul darf im K\u00f6rbchen des Fahrrads seiner Mutter auch am n\u00e4chsten Morgen mit in die Schule fahren. Doch gro\u00df ist Tonis Entt\u00e4uschung am Nachmittag, als Paul nicht dabei ist, als seine Mama ihn abholt.<\/p>\n<p>&nbsp;<\/p>\n<p>Doch zu Hause wartet eine gro\u00dfe \u00dcberraschung auf ihn\u2026<\/p>\n<p>&nbsp;<\/p>\n<p>Mit ihren zarten Bildern von gro\u00dfer atmosph\u00e4rischer Dichte erz\u00e4hlt Sonja Danowski nicht nur von einer absolut warmherzigen Beziehung einer Mutter zu ihrem Jungen, sondern auch von der Geschichte einer Freundschaft zwischen einem Jungen und einem Tier.<\/p>\n<p>&nbsp;<\/p>\n<p>Ein wundersch\u00f6nes, preisverd\u00e4chtiges Bilderbuch.<\/p>\n<p>&nbsp;<\/p>\n<p>&nbsp;<\/p>\n<p>&nbsp;<\/p>\n","protected":false},"excerpt":{"rendered":"<p>&nbsp; &nbsp; &nbsp; Sonja Danowski, Kleine Nachtkatze, NordS\u00fcd 2016, ISBN 978-3-314-10337-7 &nbsp; Dem von ihr illustrierten ins Deutsche \u00fcbersetzten Bilderbuch \u201eOma trinkt im Himmel Tee\u201c, das 2015 ebenfalls bei NordS\u00fcd erschienen ist, hat in diesem Jahr die American Library Association die Auszeichnung \u201eMildred-L.-Batchelder-Ehrenbuch verliehen. Es war ein sehr einf\u00fchlsames und am Ende dann gar nicht &hellip; <a href=\"https:\/\/blog.liesdoch.de\/?p=2613\" class=\"more-link\"><span class=\"screen-reader-text\">Kleine Nachtkatze<\/span> weiterlesen <span class=\"meta-nav\">&rarr;<\/span><\/a><\/p>\n","protected":false},"author":6,"featured_media":0,"comment_status":"open","ping_status":"open","sticky":false,"template":"","format":"standard","meta":{"footnotes":""},"categories":[1],"tags":[33],"class_list":["post-2613","post","type-post","status-publish","format-standard","hentry","category-allgemein","tag-bilderbuch"],"_links":{"self":[{"href":"https:\/\/blog.liesdoch.de\/index.php?rest_route=\/wp\/v2\/posts\/2613","targetHints":{"allow":["GET"]}}],"collection":[{"href":"https:\/\/blog.liesdoch.de\/index.php?rest_route=\/wp\/v2\/posts"}],"about":[{"href":"https:\/\/blog.liesdoch.de\/index.php?rest_route=\/wp\/v2\/types\/post"}],"author":[{"embeddable":true,"href":"https:\/\/blog.liesdoch.de\/index.php?rest_route=\/wp\/v2\/users\/6"}],"replies":[{"embeddable":true,"href":"https:\/\/blog.liesdoch.de\/index.php?rest_route=%2Fwp%2Fv2%2Fcomments&post=2613"}],"version-history":[{"count":1,"href":"https:\/\/blog.liesdoch.de\/index.php?rest_route=\/wp\/v2\/posts\/2613\/revisions"}],"predecessor-version":[{"id":2615,"href":"https:\/\/blog.liesdoch.de\/index.php?rest_route=\/wp\/v2\/posts\/2613\/revisions\/2615"}],"wp:attachment":[{"href":"https:\/\/blog.liesdoch.de\/index.php?rest_route=%2Fwp%2Fv2%2Fmedia&parent=2613"}],"wp:term":[{"taxonomy":"category","embeddable":true,"href":"https:\/\/blog.liesdoch.de\/index.php?rest_route=%2Fwp%2Fv2%2Fcategories&post=2613"},{"taxonomy":"post_tag","embeddable":true,"href":"https:\/\/blog.liesdoch.de\/index.php?rest_route=%2Fwp%2Fv2%2Ftags&post=2613"}],"curies":[{"name":"wp","href":"https:\/\/api.w.org\/{rel}","templated":true}]}}