{"id":2621,"date":"2016-09-16T16:34:24","date_gmt":"2016-09-16T14:34:24","guid":{"rendered":"http:\/\/blog.liesdoch.de\/?p=2621"},"modified":"2016-09-16T16:34:24","modified_gmt":"2016-09-16T14:34:24","slug":"an-einem-kalten-wintermorgen","status":"publish","type":"post","link":"https:\/\/blog.liesdoch.de\/?p=2621","title":{"rendered":"An einem kalten Wintermorgen"},"content":{"rendered":"<p>&nbsp;<\/p>\n<p>&nbsp;<\/p>\n<p><a href=\"http:\/\/blog.liesdoch.de\/wp-content\/uploads\/2016\/09\/45065160z.jpg\"><img loading=\"lazy\" decoding=\"async\" class=\"alignnone size-medium wp-image-2622\" src=\"http:\/\/blog.liesdoch.de\/wp-content\/uploads\/2016\/09\/45065160z-224x300.jpg\" alt=\"45065160z\" width=\"224\" height=\"300\" srcset=\"https:\/\/blog.liesdoch.de\/wp-content\/uploads\/2016\/09\/45065160z-224x300.jpg 224w, https:\/\/blog.liesdoch.de\/wp-content\/uploads\/2016\/09\/45065160z.jpg 356w\" sizes=\"auto, (max-width: 224px) 100vw, 224px\" \/><\/a><\/p>\n<p>&nbsp;<\/p>\n<p>Feridun Oral, An einem kalten Wintermorgen\u2026, Minedition 2016, ISBN 978-3-85566-304-7<\/p>\n<p>&nbsp;<\/p>\n<p>Mit poetischen und zarten Bildern illustriert, erz\u00e4hlt der t\u00fcrkische K\u00fcnstler Feridun Oral eine wunderbare, ermutigende und warmherzige Geschichte. Eine Geschichte, die Kindern zeigt, wie man gemeinsam und auch mit dem n\u00f6tigen Nachdruck etwas erreichen und auch schwierige Situationen meistern kann.<\/p>\n<p>&nbsp;<\/p>\n<p>Eine kleine Maus erlebt an einem Wintermorgen eine schlimme \u00dcberraschung. Es ist sehr viel Schnee gefallen, der ihr Probleme macht. Denn sie muss Feuerholz suchen, um ihre Familie warm halten zu k\u00f6nnen. Frierend stapft sie auf ihren kleinen F\u00fcssen durch den Wald und sammelt alles ein, was sie brauchen kann und schichtet es auf einen riesigen Haufen auf: Zweige, Tannenzapfen, alles, was brennt.<\/p>\n<p>&nbsp;<\/p>\n<p>Die Frage aber ist, wie sie das alles nach Hause bekommt. Doch die Maus hat Freunde, und der Hase, der Fuchs und der B\u00e4r kommen um zu helfen. Da bricht ein heftiger Sturm los und wirbelt sie durcheinander. Eng aneinander geschmiegt warten sie unter einem Holzhaufen, bis der Sturm vor\u00fcber ist.<\/p>\n<p>&nbsp;<\/p>\n<p>Und dann haben sie sich die Holzvorr\u00e4te geteilt, sodass es f\u00fcr alle vier Familien ein warmer Winter wird.<\/p>\n<p>&nbsp;<\/p>\n<p>Ein Hoch auf die Freunde.<\/p>\n<p>&nbsp;<\/p>\n<p>&nbsp;<\/p>\n<p>&nbsp;<\/p>\n<p>&nbsp;<\/p>\n<p>&nbsp;<\/p>\n","protected":false},"excerpt":{"rendered":"<p>&nbsp; &nbsp; &nbsp; Feridun Oral, An einem kalten Wintermorgen\u2026, Minedition 2016, ISBN 978-3-85566-304-7 &nbsp; Mit poetischen und zarten Bildern illustriert, erz\u00e4hlt der t\u00fcrkische K\u00fcnstler Feridun Oral eine wunderbare, ermutigende und warmherzige Geschichte. Eine Geschichte, die Kindern zeigt, wie man gemeinsam und auch mit dem n\u00f6tigen Nachdruck etwas erreichen und auch schwierige Situationen meistern kann. &nbsp; &hellip; <a href=\"https:\/\/blog.liesdoch.de\/?p=2621\" class=\"more-link\"><span class=\"screen-reader-text\">An einem kalten Wintermorgen<\/span> weiterlesen <span class=\"meta-nav\">&rarr;<\/span><\/a><\/p>\n","protected":false},"author":6,"featured_media":0,"comment_status":"open","ping_status":"open","sticky":false,"template":"","format":"standard","meta":{"footnotes":""},"categories":[1],"tags":[33],"class_list":["post-2621","post","type-post","status-publish","format-standard","hentry","category-allgemein","tag-bilderbuch"],"_links":{"self":[{"href":"https:\/\/blog.liesdoch.de\/index.php?rest_route=\/wp\/v2\/posts\/2621","targetHints":{"allow":["GET"]}}],"collection":[{"href":"https:\/\/blog.liesdoch.de\/index.php?rest_route=\/wp\/v2\/posts"}],"about":[{"href":"https:\/\/blog.liesdoch.de\/index.php?rest_route=\/wp\/v2\/types\/post"}],"author":[{"embeddable":true,"href":"https:\/\/blog.liesdoch.de\/index.php?rest_route=\/wp\/v2\/users\/6"}],"replies":[{"embeddable":true,"href":"https:\/\/blog.liesdoch.de\/index.php?rest_route=%2Fwp%2Fv2%2Fcomments&post=2621"}],"version-history":[{"count":1,"href":"https:\/\/blog.liesdoch.de\/index.php?rest_route=\/wp\/v2\/posts\/2621\/revisions"}],"predecessor-version":[{"id":2623,"href":"https:\/\/blog.liesdoch.de\/index.php?rest_route=\/wp\/v2\/posts\/2621\/revisions\/2623"}],"wp:attachment":[{"href":"https:\/\/blog.liesdoch.de\/index.php?rest_route=%2Fwp%2Fv2%2Fmedia&parent=2621"}],"wp:term":[{"taxonomy":"category","embeddable":true,"href":"https:\/\/blog.liesdoch.de\/index.php?rest_route=%2Fwp%2Fv2%2Fcategories&post=2621"},{"taxonomy":"post_tag","embeddable":true,"href":"https:\/\/blog.liesdoch.de\/index.php?rest_route=%2Fwp%2Fv2%2Ftags&post=2621"}],"curies":[{"name":"wp","href":"https:\/\/api.w.org\/{rel}","templated":true}]}}