{"id":2629,"date":"2016-09-19T09:57:22","date_gmt":"2016-09-19T07:57:22","guid":{"rendered":"http:\/\/blog.liesdoch.de\/?p=2629"},"modified":"2016-09-19T09:57:22","modified_gmt":"2016-09-19T07:57:22","slug":"ein-apfel-fuer-alle","status":"publish","type":"post","link":"https:\/\/blog.liesdoch.de\/?p=2629","title":{"rendered":"Ein Apfel f\u00fcr alle"},"content":{"rendered":"<p>&nbsp;<\/p>\n<p>&nbsp;<\/p>\n<p><a href=\"http:\/\/blog.liesdoch.de\/wp-content\/uploads\/2016\/09\/45065040z.jpg\"><img loading=\"lazy\" decoding=\"async\" class=\"alignnone size-medium wp-image-2630\" src=\"http:\/\/blog.liesdoch.de\/wp-content\/uploads\/2016\/09\/45065040z-244x300.jpg\" alt=\"45065040z\" width=\"244\" height=\"300\" srcset=\"https:\/\/blog.liesdoch.de\/wp-content\/uploads\/2016\/09\/45065040z-244x300.jpg 244w, https:\/\/blog.liesdoch.de\/wp-content\/uploads\/2016\/09\/45065040z.jpg 387w\" sizes=\"auto, (max-width: 244px) 100vw, 244px\" \/><\/a><\/p>\n<p>Feridun Oral, Ein Apfel f\u00fcr alle, minedition 2016, ISBN 978-3-86566-344-3<\/p>\n<p>&nbsp;<\/p>\n<p>Ein wundersch\u00f6nes Bilderbuch ist hier anzuzeigen, ein Buch voller W\u00e4rme, Menschlichkeit und Mitgef\u00fchl. Es will Kindern zeigen, was alles gelingen kann, wenn man f\u00fcr ein Ziel zusammenarbeitet.<\/p>\n<p>&nbsp;<\/p>\n<p>Ein\u00a0 Hase liegt mitten im Winter in seinem Bau. Gem\u00fctlich hat er es dort, wo ringsherum die ganze Natur unter einer dicken Schneeschicht verborgen ist. Wenn er nur nicht solch einen Hunger h\u00e4tte! Weil der gar nicht aufh\u00f6ren will, muss er hinaus auf die Futtersuche. Endlich (alles ist ja unter Schnee versteckt) entdeckt er auf einem Baum einen einsamen roten Apfel. Er freut sich \u00fcber den Fund, aber der Apfel h\u00e4ngt so hoch, dass er ihn allein nicht erreichen kann.<\/p>\n<p>&nbsp;<\/p>\n<p>Er fragt seine Freunde, die Maus und den Fuchs. Die wollen gerne behilflich sein, aber auch zu dritt k\u00f6nnen sie den Apfel nicht erreichen. Erst als sich der B\u00e4r dazugesellt, gelingt es.<\/p>\n<p>&nbsp;<\/p>\n<p>Sie teilen sich die Frucht und schlafen dann gl\u00fccklich zusammengekuschelt in der B\u00e4renh\u00f6hle ein.<\/p>\n<p>&nbsp;<\/p>\n<p>Gemeinsam geht eben alles besser!<\/p>\n","protected":false},"excerpt":{"rendered":"<p>&nbsp; &nbsp; Feridun Oral, Ein Apfel f\u00fcr alle, minedition 2016, ISBN 978-3-86566-344-3 &nbsp; Ein wundersch\u00f6nes Bilderbuch ist hier anzuzeigen, ein Buch voller W\u00e4rme, Menschlichkeit und Mitgef\u00fchl. Es will Kindern zeigen, was alles gelingen kann, wenn man f\u00fcr ein Ziel zusammenarbeitet. &nbsp; Ein\u00a0 Hase liegt mitten im Winter in seinem Bau. Gem\u00fctlich hat er es dort, &hellip; <a href=\"https:\/\/blog.liesdoch.de\/?p=2629\" class=\"more-link\"><span class=\"screen-reader-text\">Ein Apfel f\u00fcr alle<\/span> weiterlesen <span class=\"meta-nav\">&rarr;<\/span><\/a><\/p>\n","protected":false},"author":6,"featured_media":0,"comment_status":"open","ping_status":"open","sticky":false,"template":"","format":"standard","meta":{"footnotes":""},"categories":[1],"tags":[33],"class_list":["post-2629","post","type-post","status-publish","format-standard","hentry","category-allgemein","tag-bilderbuch"],"_links":{"self":[{"href":"https:\/\/blog.liesdoch.de\/index.php?rest_route=\/wp\/v2\/posts\/2629","targetHints":{"allow":["GET"]}}],"collection":[{"href":"https:\/\/blog.liesdoch.de\/index.php?rest_route=\/wp\/v2\/posts"}],"about":[{"href":"https:\/\/blog.liesdoch.de\/index.php?rest_route=\/wp\/v2\/types\/post"}],"author":[{"embeddable":true,"href":"https:\/\/blog.liesdoch.de\/index.php?rest_route=\/wp\/v2\/users\/6"}],"replies":[{"embeddable":true,"href":"https:\/\/blog.liesdoch.de\/index.php?rest_route=%2Fwp%2Fv2%2Fcomments&post=2629"}],"version-history":[{"count":1,"href":"https:\/\/blog.liesdoch.de\/index.php?rest_route=\/wp\/v2\/posts\/2629\/revisions"}],"predecessor-version":[{"id":2631,"href":"https:\/\/blog.liesdoch.de\/index.php?rest_route=\/wp\/v2\/posts\/2629\/revisions\/2631"}],"wp:attachment":[{"href":"https:\/\/blog.liesdoch.de\/index.php?rest_route=%2Fwp%2Fv2%2Fmedia&parent=2629"}],"wp:term":[{"taxonomy":"category","embeddable":true,"href":"https:\/\/blog.liesdoch.de\/index.php?rest_route=%2Fwp%2Fv2%2Fcategories&post=2629"},{"taxonomy":"post_tag","embeddable":true,"href":"https:\/\/blog.liesdoch.de\/index.php?rest_route=%2Fwp%2Fv2%2Ftags&post=2629"}],"curies":[{"name":"wp","href":"https:\/\/api.w.org\/{rel}","templated":true}]}}