{"id":2642,"date":"2016-09-19T12:29:42","date_gmt":"2016-09-19T10:29:42","guid":{"rendered":"http:\/\/blog.liesdoch.de\/?p=2642"},"modified":"2016-09-19T12:29:42","modified_gmt":"2016-09-19T10:29:42","slug":"der-fuchs-und-die-verlorenen-buchstaben","status":"publish","type":"post","link":"https:\/\/blog.liesdoch.de\/?p=2642","title":{"rendered":"Der Fuchs und die verlorenen Buchstaben"},"content":{"rendered":"<p>&nbsp;<\/p>\n<p><a href=\"http:\/\/blog.liesdoch.de\/wp-content\/uploads\/2016\/09\/44997744z.jpg\"><img loading=\"lazy\" decoding=\"async\" class=\"alignnone size-medium wp-image-2643\" src=\"http:\/\/blog.liesdoch.de\/wp-content\/uploads\/2016\/09\/44997744z-233x300.jpg\" alt=\"44997744z\" width=\"233\" height=\"300\" srcset=\"https:\/\/blog.liesdoch.de\/wp-content\/uploads\/2016\/09\/44997744z-233x300.jpg 233w, https:\/\/blog.liesdoch.de\/wp-content\/uploads\/2016\/09\/44997744z.jpg 327w\" sizes=\"auto, (max-width: 233px) 100vw, 233px\" \/><\/a><\/p>\n<p>&nbsp;<\/p>\n<p>Pamela Zagarenski, Der Fuchs und die verlorenen Buchstaben, Knesebeck 2016, ISBN 978-3-86873-942-8<\/p>\n<p>&nbsp;<\/p>\n<p>Dieses zuerst in\u00a0 New York erschienene und von Gundula M\u00fcller-Wallraf ins Deutsche \u00fcbertragene Bilderbuch von Pamela Zagarenski ist\u00a0 eine wahre Liebeserkl\u00e4rung an die Macht und Kraft der (kindlichen) Phantasie.<\/p>\n<p>&nbsp;<\/p>\n<p>Es erz\u00e4hlt von einem kleinen M\u00e4dchen, das sich von ihrer Lehrerin, die seine Vorliebe f\u00fcr B\u00fccher entdeckt und sein Interesse f\u00f6rdern will, ein wundersch\u00f6nes magisches Buch voller Geschichten ausleiht. Leider fallen auf dem Weg nach Hause alle Buchstaben aus dem Buch heraus, ohne dass das M\u00e4dchen es merkt. Doch ein Fuchs, der auf allen weiteren Seiten auftaucht, hat sie mit einem Netz vorsorglich eingefangen.<\/p>\n<p>&nbsp;<\/p>\n<p>Als das M\u00e4dchen nach dem Essen in ihrem Zimmer das Buch aufschl\u00e4gt, sind nur noch die wundersch\u00f6nen Bilder zu sehen. Tief entt\u00e4uscht h\u00f6rt sie gleich darauf im Rauschen des Windes ein Fl\u00fcstern, das ihr vorschl\u00e4gt, selbst die Geschichten zu den Bildern zu erz\u00e4hlen und zu erfinden.<\/p>\n<p>&nbsp;<\/p>\n<p>Tolle Geschichten fallen ihr ein, und am n\u00e4chsten Morgen ist sie noch ganz bewegt von den Figuren, die darin vorkamen. Auf dem Weg zur Schule trifft sie den Fuchs, der ihr die eingefangenen Buchstaben \u00fcberreicht und einen\u00a0 ganz besonderen Wunsch hat, der am Ende des Buches verraten wird.<\/p>\n<p>&nbsp;<\/p>\n<p>In der Schule angekommen, kann das M\u00e4dchen es gar nicht erwarten, ihrer Lehrerin ihre eigenen Geschichten zu erz\u00e4hlen.<\/p>\n<p>&nbsp;<\/p>\n<p>Zauberhafte und magische Illustrationen bebildern ein Buch, das Kinder ermutigt zu ihren eigenen Geschichten, ihnen vermittelt, dass sie nicht\u00a0 nur Freude am Lesen fremder Erz\u00e4hlungen haben k\u00f6nnen, sondern dass auch ureigene in ihnen schlummern.<\/p>\n","protected":false},"excerpt":{"rendered":"<p>&nbsp; &nbsp; Pamela Zagarenski, Der Fuchs und die verlorenen Buchstaben, Knesebeck 2016, ISBN 978-3-86873-942-8 &nbsp; Dieses zuerst in\u00a0 New York erschienene und von Gundula M\u00fcller-Wallraf ins Deutsche \u00fcbertragene Bilderbuch von Pamela Zagarenski ist\u00a0 eine wahre Liebeserkl\u00e4rung an die Macht und Kraft der (kindlichen) Phantasie. &nbsp; Es erz\u00e4hlt von einem kleinen M\u00e4dchen, das sich von ihrer &hellip; <a href=\"https:\/\/blog.liesdoch.de\/?p=2642\" class=\"more-link\"><span class=\"screen-reader-text\">Der Fuchs und die verlorenen Buchstaben<\/span> weiterlesen <span class=\"meta-nav\">&rarr;<\/span><\/a><\/p>\n","protected":false},"author":6,"featured_media":0,"comment_status":"open","ping_status":"open","sticky":false,"template":"","format":"standard","meta":{"footnotes":""},"categories":[1],"tags":[33],"class_list":["post-2642","post","type-post","status-publish","format-standard","hentry","category-allgemein","tag-bilderbuch"],"_links":{"self":[{"href":"https:\/\/blog.liesdoch.de\/index.php?rest_route=\/wp\/v2\/posts\/2642","targetHints":{"allow":["GET"]}}],"collection":[{"href":"https:\/\/blog.liesdoch.de\/index.php?rest_route=\/wp\/v2\/posts"}],"about":[{"href":"https:\/\/blog.liesdoch.de\/index.php?rest_route=\/wp\/v2\/types\/post"}],"author":[{"embeddable":true,"href":"https:\/\/blog.liesdoch.de\/index.php?rest_route=\/wp\/v2\/users\/6"}],"replies":[{"embeddable":true,"href":"https:\/\/blog.liesdoch.de\/index.php?rest_route=%2Fwp%2Fv2%2Fcomments&post=2642"}],"version-history":[{"count":1,"href":"https:\/\/blog.liesdoch.de\/index.php?rest_route=\/wp\/v2\/posts\/2642\/revisions"}],"predecessor-version":[{"id":2644,"href":"https:\/\/blog.liesdoch.de\/index.php?rest_route=\/wp\/v2\/posts\/2642\/revisions\/2644"}],"wp:attachment":[{"href":"https:\/\/blog.liesdoch.de\/index.php?rest_route=%2Fwp%2Fv2%2Fmedia&parent=2642"}],"wp:term":[{"taxonomy":"category","embeddable":true,"href":"https:\/\/blog.liesdoch.de\/index.php?rest_route=%2Fwp%2Fv2%2Fcategories&post=2642"},{"taxonomy":"post_tag","embeddable":true,"href":"https:\/\/blog.liesdoch.de\/index.php?rest_route=%2Fwp%2Fv2%2Ftags&post=2642"}],"curies":[{"name":"wp","href":"https:\/\/api.w.org\/{rel}","templated":true}]}}