{"id":2650,"date":"2016-09-20T15:32:15","date_gmt":"2016-09-20T13:32:15","guid":{"rendered":"http:\/\/blog.liesdoch.de\/?p=2650"},"modified":"2016-09-20T15:32:15","modified_gmt":"2016-09-20T13:32:15","slug":"terror-in-frankreich","status":"publish","type":"post","link":"https:\/\/blog.liesdoch.de\/?p=2650","title":{"rendered":"Terror in Frankreich"},"content":{"rendered":"<p>&nbsp;<\/p>\n<p>&nbsp;<\/p>\n<p>&nbsp;<\/p>\n<p>&nbsp;<\/p>\n<p><a href=\"http:\/\/blog.liesdoch.de\/wp-content\/uploads\/2016\/09\/44918556z.jpg\"><img loading=\"lazy\" decoding=\"async\" class=\"alignnone size-medium wp-image-2651\" src=\"http:\/\/blog.liesdoch.de\/wp-content\/uploads\/2016\/09\/44918556z-193x300.jpg\" alt=\"44918556z\" width=\"193\" height=\"300\" srcset=\"https:\/\/blog.liesdoch.de\/wp-content\/uploads\/2016\/09\/44918556z-193x300.jpg 193w, https:\/\/blog.liesdoch.de\/wp-content\/uploads\/2016\/09\/44918556z.jpg 306w\" sizes=\"auto, (max-width: 193px) 100vw, 193px\" \/><\/a><\/p>\n<p>&nbsp;<\/p>\n<p>Gilles Kepel, Terror in Frankreich, Kunstmann 2016, ISBN 978-3-95614-129-4<\/p>\n<p>&nbsp;<\/p>\n<p>Die Terroranschl\u00e4ge im Januar und November 2015 und im Juni und Juli 2016 haben Frankreich und Europa schwer ersch\u00fcttert. Der renommierte Soziologe Gilles Kepel sucht in seinem Buch Erkl\u00e4rungen daf\u00fcr, warum sich eine so enorme gesellschaftliche Kluft aufgetan hat und die Lage derart eskalieren konnte.<\/p>\n<p>&nbsp;<\/p>\n<p>Auf der einen Seite identifiziert er die Kriege im Nahen Osten und das junge Alter der meisten postkolonialen Immigranten als einen wichtigen ideologischen Faktor f\u00fcr die Rekrutierung junger Muslime durch Dschihadisten. Es geht immer gegen das angebliche ungl\u00e4ubige Abendland, den Westen mit seinen Werten und seiner Kultur. Auf der anderen Seite werden in ganz Europa die rechten Parteien und Bewegungen immer st\u00e4rker. So kommt es zu einer Polarisierung der Gesellschaft, und ihre \u00fcber Jahrzehnte gebauten Fundamente werden sozusagen von zwei Seiten bedroht. Es droht ein katastrophaler Bruch. (Diesen Titel tr\u00e4gt \u00fcbrigens Kepels n\u00e4chstes Buch, das im November in Frankreich erscheint, und das seine hier vorgelegte Analyse fortsetzt.)<\/p>\n<p>&nbsp;<\/p>\n<p>Wie diese Entwicklung ausgehen wird, das kann Kepel nicht sagen, er liefert lediglich die genaue Analyse. Und die zeigt, dass es das erkl\u00e4rte Ziel der Dschihadisten ist, die Gesellschaft zu spalten und die bisher noch loyale Mehrheit der Muslime zu radikalisieren. Dies f\u00fchrt dann\u00a0 dazu, dass auch Menschen, die bisher dem Islam wohlwollend bis gleichg\u00fcltig gegen\u00fcber standen, zu Gegner bzw. Feinden dieser Religion werden, rechte Bewegungen wie den Front National in Frankreich oder die AfD in Deutschland immer st\u00e4rker machen und so wiederum die Begr\u00fcndung f\u00fcr immer neue Attentate und Attent\u00e4ter schaffen. Ein b\u00fcrgerkriegs\u00e4hnliches Szenario, das mir jedenfalls gro\u00dfe Angst macht.<\/p>\n<p>&nbsp;<\/p>\n<p>Kepels Thema ist die Situation Frankreich, die sich von der deutschen noch einmal wesentlich unterscheidet. Doch mit der hohen Zahl mehrheitlich junger moslemischer Fl\u00fcchtlinge in unserem Land haben wir einen m\u00f6glichen N\u00e4hrboden f\u00fcr eine \u00e4hnliche Entwicklung. Die Auseinandersetzungen der letzten Tage in Bautzen sind dann wahrscheinlich nur ein\u00a0 Vorgeschmack dessen, was unserer Gesellschaft bald bevorsteht. Vern\u00fcnftig zu argumentieren und zu differenzieren f\u00e4llt immer schwerer.<\/p>\n<p>&nbsp;<\/p>\n<p>&nbsp;<\/p>\n<p>&nbsp;<\/p>\n<p>&nbsp;<\/p>\n<p>&nbsp;<\/p>\n<p>&nbsp;<\/p>\n","protected":false},"excerpt":{"rendered":"<p>&nbsp; &nbsp; &nbsp; &nbsp; &nbsp; Gilles Kepel, Terror in Frankreich, Kunstmann 2016, ISBN 978-3-95614-129-4 &nbsp; Die Terroranschl\u00e4ge im Januar und November 2015 und im Juni und Juli 2016 haben Frankreich und Europa schwer ersch\u00fcttert. Der renommierte Soziologe Gilles Kepel sucht in seinem Buch Erkl\u00e4rungen daf\u00fcr, warum sich eine so enorme gesellschaftliche Kluft aufgetan hat und &hellip; <a href=\"https:\/\/blog.liesdoch.de\/?p=2650\" class=\"more-link\"><span class=\"screen-reader-text\">Terror in Frankreich<\/span> weiterlesen <span class=\"meta-nav\">&rarr;<\/span><\/a><\/p>\n","protected":false},"author":6,"featured_media":0,"comment_status":"open","ping_status":"open","sticky":false,"template":"","format":"standard","meta":{"footnotes":""},"categories":[1],"tags":[],"class_list":["post-2650","post","type-post","status-publish","format-standard","hentry","category-allgemein"],"_links":{"self":[{"href":"https:\/\/blog.liesdoch.de\/index.php?rest_route=\/wp\/v2\/posts\/2650","targetHints":{"allow":["GET"]}}],"collection":[{"href":"https:\/\/blog.liesdoch.de\/index.php?rest_route=\/wp\/v2\/posts"}],"about":[{"href":"https:\/\/blog.liesdoch.de\/index.php?rest_route=\/wp\/v2\/types\/post"}],"author":[{"embeddable":true,"href":"https:\/\/blog.liesdoch.de\/index.php?rest_route=\/wp\/v2\/users\/6"}],"replies":[{"embeddable":true,"href":"https:\/\/blog.liesdoch.de\/index.php?rest_route=%2Fwp%2Fv2%2Fcomments&post=2650"}],"version-history":[{"count":1,"href":"https:\/\/blog.liesdoch.de\/index.php?rest_route=\/wp\/v2\/posts\/2650\/revisions"}],"predecessor-version":[{"id":2652,"href":"https:\/\/blog.liesdoch.de\/index.php?rest_route=\/wp\/v2\/posts\/2650\/revisions\/2652"}],"wp:attachment":[{"href":"https:\/\/blog.liesdoch.de\/index.php?rest_route=%2Fwp%2Fv2%2Fmedia&parent=2650"}],"wp:term":[{"taxonomy":"category","embeddable":true,"href":"https:\/\/blog.liesdoch.de\/index.php?rest_route=%2Fwp%2Fv2%2Fcategories&post=2650"},{"taxonomy":"post_tag","embeddable":true,"href":"https:\/\/blog.liesdoch.de\/index.php?rest_route=%2Fwp%2Fv2%2Ftags&post=2650"}],"curies":[{"name":"wp","href":"https:\/\/api.w.org\/{rel}","templated":true}]}}