{"id":2656,"date":"2016-09-22T11:52:37","date_gmt":"2016-09-22T09:52:37","guid":{"rendered":"http:\/\/blog.liesdoch.de\/?p=2656"},"modified":"2016-09-22T11:52:37","modified_gmt":"2016-09-22T09:52:37","slug":"der-leise-atem-der-zukunft","status":"publish","type":"post","link":"https:\/\/blog.liesdoch.de\/?p=2656","title":{"rendered":"Der leise Atem der Zukunft"},"content":{"rendered":"<p>&nbsp;<\/p>\n<p>&nbsp;<\/p>\n<p><a href=\"http:\/\/blog.liesdoch.de\/wp-content\/uploads\/2016\/09\/44936440z.jpg\"><img loading=\"lazy\" decoding=\"async\" class=\"alignnone size-medium wp-image-2657\" src=\"http:\/\/blog.liesdoch.de\/wp-content\/uploads\/2016\/09\/44936440z-190x300.jpg\" alt=\"44936440z\" width=\"190\" height=\"300\" srcset=\"https:\/\/blog.liesdoch.de\/wp-content\/uploads\/2016\/09\/44936440z-190x300.jpg 190w, https:\/\/blog.liesdoch.de\/wp-content\/uploads\/2016\/09\/44936440z.jpg 301w\" sizes=\"auto, (max-width: 190px) 100vw, 190px\" \/><\/a><\/p>\n<p>&nbsp;<\/p>\n<p>Ulrich Grober, Der leise Atem der Zukunft, Oekom 2016, ISBN 978-3-86581-807-2<\/p>\n<p>&nbsp;<\/p>\n<p>Von insgesamt sechs Wanderungen erz\u00e4hlt der Publizist Ulrich Grober, die er in den letzten Jahren quer durch Deutschland unternommen hat. Ulrich Grober ist bislang mit Ver\u00f6ffentlichungen zum Thema Nachhaltigkeit und \u00d6kologie bekannt geworden und um dieses Themenfeld geht es auch in dem hier vorliegenden Buch. Auf all diesen Wanderungen begab er sich auf die Spur von Menschen und Projekten, die f\u00fcr die wichtigen \u00f6kologischen und gesellschaftlichen Problemfelder der Gegenwart L\u00f6sungsans\u00e4tze versprechen.<\/p>\n<p>&nbsp;<\/p>\n<p>Seine Entdeckungen und Beschreibungen belegen, dass es wirklich m\u00f6glich ist, eine andere Welt nicht nur zu denken, sondern zu schaffen. Die indische Schriftstellerin Arundhati Roy sagte dazu: \u201eAn stillen Tagen h\u00f6rt man sie atmen\u201c.<\/p>\n<p>&nbsp;<\/p>\n<p>Auch in Deutschland hat diese Zukunft schon begonnen, die Arbeit an einer nachhaltigeren Welt. Grobers Buch, Reiseberichte, die sein Unterwegssein auch sprachlich abbilden, macht Mut und Hoffnung, eine begr\u00fcndete Hoffnung (docta spes wie Ernst Bloch das nannte), dass es zur fortlaufenden Zerst\u00f6rung unserer Welt tats\u00e4chlich Alternativen gibt, lebenswerte und nachhaltige Alternativen, an denen schon viele Menschen bauen und sich miteinander vernetzen.<\/p>\n<p>&nbsp;<\/p>\n<p>&nbsp;<\/p>\n<p>&nbsp;<\/p>\n","protected":false},"excerpt":{"rendered":"<p>&nbsp; &nbsp; &nbsp; Ulrich Grober, Der leise Atem der Zukunft, Oekom 2016, ISBN 978-3-86581-807-2 &nbsp; Von insgesamt sechs Wanderungen erz\u00e4hlt der Publizist Ulrich Grober, die er in den letzten Jahren quer durch Deutschland unternommen hat. Ulrich Grober ist bislang mit Ver\u00f6ffentlichungen zum Thema Nachhaltigkeit und \u00d6kologie bekannt geworden und um dieses Themenfeld geht es auch &hellip; <a href=\"https:\/\/blog.liesdoch.de\/?p=2656\" class=\"more-link\"><span class=\"screen-reader-text\">Der leise Atem der Zukunft<\/span> weiterlesen <span class=\"meta-nav\">&rarr;<\/span><\/a><\/p>\n","protected":false},"author":6,"featured_media":0,"comment_status":"open","ping_status":"open","sticky":false,"template":"","format":"standard","meta":{"footnotes":""},"categories":[1],"tags":[],"class_list":["post-2656","post","type-post","status-publish","format-standard","hentry","category-allgemein"],"_links":{"self":[{"href":"https:\/\/blog.liesdoch.de\/index.php?rest_route=\/wp\/v2\/posts\/2656","targetHints":{"allow":["GET"]}}],"collection":[{"href":"https:\/\/blog.liesdoch.de\/index.php?rest_route=\/wp\/v2\/posts"}],"about":[{"href":"https:\/\/blog.liesdoch.de\/index.php?rest_route=\/wp\/v2\/types\/post"}],"author":[{"embeddable":true,"href":"https:\/\/blog.liesdoch.de\/index.php?rest_route=\/wp\/v2\/users\/6"}],"replies":[{"embeddable":true,"href":"https:\/\/blog.liesdoch.de\/index.php?rest_route=%2Fwp%2Fv2%2Fcomments&post=2656"}],"version-history":[{"count":1,"href":"https:\/\/blog.liesdoch.de\/index.php?rest_route=\/wp\/v2\/posts\/2656\/revisions"}],"predecessor-version":[{"id":2658,"href":"https:\/\/blog.liesdoch.de\/index.php?rest_route=\/wp\/v2\/posts\/2656\/revisions\/2658"}],"wp:attachment":[{"href":"https:\/\/blog.liesdoch.de\/index.php?rest_route=%2Fwp%2Fv2%2Fmedia&parent=2656"}],"wp:term":[{"taxonomy":"category","embeddable":true,"href":"https:\/\/blog.liesdoch.de\/index.php?rest_route=%2Fwp%2Fv2%2Fcategories&post=2656"},{"taxonomy":"post_tag","embeddable":true,"href":"https:\/\/blog.liesdoch.de\/index.php?rest_route=%2Fwp%2Fv2%2Ftags&post=2656"}],"curies":[{"name":"wp","href":"https:\/\/api.w.org\/{rel}","templated":true}]}}