{"id":2660,"date":"2016-09-22T12:07:36","date_gmt":"2016-09-22T10:07:36","guid":{"rendered":"http:\/\/blog.liesdoch.de\/?p=2660"},"modified":"2016-09-22T12:07:36","modified_gmt":"2016-09-22T10:07:36","slug":"die-flucht","status":"publish","type":"post","link":"https:\/\/blog.liesdoch.de\/?p=2660","title":{"rendered":"Die Flucht"},"content":{"rendered":"<p>&nbsp;<\/p>\n<p>&nbsp;<\/p>\n<p><a href=\"http:\/\/blog.liesdoch.de\/wp-content\/uploads\/2016\/09\/44902247z.jpg\"><img loading=\"lazy\" decoding=\"async\" class=\"alignnone size-medium wp-image-2661\" src=\"http:\/\/blog.liesdoch.de\/wp-content\/uploads\/2016\/09\/44902247z-300x224.jpg\" alt=\"44902247z\" width=\"300\" height=\"224\" srcset=\"https:\/\/blog.liesdoch.de\/wp-content\/uploads\/2016\/09\/44902247z-300x224.jpg 300w, https:\/\/blog.liesdoch.de\/wp-content\/uploads\/2016\/09\/44902247z.jpg 475w\" sizes=\"auto, (max-width: 300px) 100vw, 300px\" \/><\/a><\/p>\n<p>&nbsp;<\/p>\n<p>Francesca Sanna, Die Flucht, NordS\u00fcd 2016, ISBN 978-3-314-10361-2<\/p>\n<p>&nbsp;<\/p>\n<p>Dieses ausdrucksstarke Bilderbuch der in der Schweiz lebenden Sardinierin Francesca Sanna ist, wie sie in einem Nachwort schreibt, entstanden nach unz\u00e4hligen Gespr\u00e4chen, die sie in einem Fl\u00fcchtlingslager in Italien mit erwachsenen Fl\u00fcchtlingen und ihren Kindern gef\u00fchrt hat.<\/p>\n<p>&nbsp;<\/p>\n<p>Es erz\u00e4hlt am Beispiel einer Flucht also von vielen Fluchten. Erz\u00e4hlt wird die Geschichte von einem Kind, das in einer nicht n\u00e4her genannten Stadt in einem nicht n\u00e4her genannten Land mit seiner Familie am Meer lebt. Bis der Krieg ausbricht und ihnen schnell den Vater nimmt. Voller Sorgen beschlie\u00dft die Mutter irgendwann, mit ihren beiden Kindern aus dem Land zu fliehen. Sie informieren sich genau \u00fcber das Land, in das sie reisen wollen: \u201eDa gehen wir hin, da m\u00fcssen wir keine Angst mehr haben\u201c, sagt die Mutter. Sie packen alles, was sie besitzen in Koffer, verabschieden sich von ihren Freunden und fahren los.<\/p>\n<p>&nbsp;<\/p>\n<p>Immer mehr Gep\u00e4ck m\u00fcssen sie unterwegs zur\u00fccklassen und als sie vor der durch eine hohe Mauer und grimmige W\u00e4chter gesch\u00fctzten Grenze stehen, haben sie fast nichts mehr. Gegen Bezahlung bringt sie ein Mann \u00fcber die Grenze.<\/p>\n<p>&nbsp;<\/p>\n<p>Doch dann ist noch die gef\u00e4hrliche \u00dcberfahrt \u00fcber das Meer, die sie gl\u00fccklich \u00fcberstehen. Und dann fahren sie tage- und n\u00e4chtelang mit dem Zug und \u00fcberqueren dabei viele Grenzen. Das Kind beobachtet die V\u00f6gel aus dem Zug und sagt:<\/p>\n<p>\u201eSie sind unterwegs wie wir. Auch ihre Reise ist lang, doch f\u00fcr sie gibt es keine Grenzkontrollen. Ich hoffe, eines Tages anzukommen wie diese V\u00f6gel. In einer neuen Heimat, wo wir in Sicherheit sind und neu anfangen k\u00f6nnen.\u201c<\/p>\n<p>&nbsp;<\/p>\n<p>In einer Zeit, wo in fast jeder Kindergartengruppe und fast jeder Grundschulklasse eines oder mehrere Fl\u00fcchtlingskinder aufgenommen worden sind, hilft dieses mit dem der Goldmedaille der Society of Illustrators in New York ausgezeichnete Bilderbuch auf eine sehr sensible Weise Verst\u00e4ndnis zu schaffen und Mitgef\u00fchl zu entwickeln.<\/p>\n","protected":false},"excerpt":{"rendered":"<p>&nbsp; &nbsp; &nbsp; Francesca Sanna, Die Flucht, NordS\u00fcd 2016, ISBN 978-3-314-10361-2 &nbsp; Dieses ausdrucksstarke Bilderbuch der in der Schweiz lebenden Sardinierin Francesca Sanna ist, wie sie in einem Nachwort schreibt, entstanden nach unz\u00e4hligen Gespr\u00e4chen, die sie in einem Fl\u00fcchtlingslager in Italien mit erwachsenen Fl\u00fcchtlingen und ihren Kindern gef\u00fchrt hat. &nbsp; Es erz\u00e4hlt am Beispiel einer &hellip; <a href=\"https:\/\/blog.liesdoch.de\/?p=2660\" class=\"more-link\"><span class=\"screen-reader-text\">Die Flucht<\/span> weiterlesen <span class=\"meta-nav\">&rarr;<\/span><\/a><\/p>\n","protected":false},"author":6,"featured_media":0,"comment_status":"open","ping_status":"open","sticky":false,"template":"","format":"standard","meta":{"footnotes":""},"categories":[1],"tags":[33],"class_list":["post-2660","post","type-post","status-publish","format-standard","hentry","category-allgemein","tag-bilderbuch"],"_links":{"self":[{"href":"https:\/\/blog.liesdoch.de\/index.php?rest_route=\/wp\/v2\/posts\/2660","targetHints":{"allow":["GET"]}}],"collection":[{"href":"https:\/\/blog.liesdoch.de\/index.php?rest_route=\/wp\/v2\/posts"}],"about":[{"href":"https:\/\/blog.liesdoch.de\/index.php?rest_route=\/wp\/v2\/types\/post"}],"author":[{"embeddable":true,"href":"https:\/\/blog.liesdoch.de\/index.php?rest_route=\/wp\/v2\/users\/6"}],"replies":[{"embeddable":true,"href":"https:\/\/blog.liesdoch.de\/index.php?rest_route=%2Fwp%2Fv2%2Fcomments&post=2660"}],"version-history":[{"count":1,"href":"https:\/\/blog.liesdoch.de\/index.php?rest_route=\/wp\/v2\/posts\/2660\/revisions"}],"predecessor-version":[{"id":2662,"href":"https:\/\/blog.liesdoch.de\/index.php?rest_route=\/wp\/v2\/posts\/2660\/revisions\/2662"}],"wp:attachment":[{"href":"https:\/\/blog.liesdoch.de\/index.php?rest_route=%2Fwp%2Fv2%2Fmedia&parent=2660"}],"wp:term":[{"taxonomy":"category","embeddable":true,"href":"https:\/\/blog.liesdoch.de\/index.php?rest_route=%2Fwp%2Fv2%2Fcategories&post=2660"},{"taxonomy":"post_tag","embeddable":true,"href":"https:\/\/blog.liesdoch.de\/index.php?rest_route=%2Fwp%2Fv2%2Ftags&post=2660"}],"curies":[{"name":"wp","href":"https:\/\/api.w.org\/{rel}","templated":true}]}}