{"id":2676,"date":"2016-09-26T12:39:29","date_gmt":"2016-09-26T10:39:29","guid":{"rendered":"http:\/\/blog.liesdoch.de\/?p=2676"},"modified":"2016-09-26T12:39:29","modified_gmt":"2016-09-26T10:39:29","slug":"wer-will-den-blauben-raben-haben","status":"publish","type":"post","link":"https:\/\/blog.liesdoch.de\/?p=2676","title":{"rendered":"Wer will den blauben Raben haben?"},"content":{"rendered":"<p>&nbsp;<\/p>\n<p><a href=\"http:\/\/blog.liesdoch.de\/wp-content\/uploads\/2016\/09\/44961347z.jpg\"><img loading=\"lazy\" decoding=\"async\" class=\"alignnone size-medium wp-image-2677\" src=\"http:\/\/blog.liesdoch.de\/wp-content\/uploads\/2016\/09\/44961347z-232x300.jpg\" alt=\"44961347z\" width=\"232\" height=\"300\" srcset=\"https:\/\/blog.liesdoch.de\/wp-content\/uploads\/2016\/09\/44961347z-232x300.jpg 232w, https:\/\/blog.liesdoch.de\/wp-content\/uploads\/2016\/09\/44961347z.jpg 325w\" sizes=\"auto, (max-width: 232px) 100vw, 232px\" \/><\/a><\/p>\n<p>Edith Schreiber-Wicke, Carola Holland, Wer will den blauen Raben haben, Thienemann 2016, ISBN 978-3-522-45831-3<\/p>\n<p>&nbsp;<\/p>\n<p>In diesen Zeiten, wo Millionen Menschen nicht nur in Europa auf der Flucht sind und auf der Suche nach einem neuen, sicheren Zuhause, nachdem ihr altes mit Gewalt zerst\u00f6rt wurde, erfahren auch schon kleine Kinder im Kindergarten und auf dem Spielplatz, dass es da Kinder gibt, die anders aussehen, sprechen und sich verhalten als sie selbst.<\/p>\n<p>&nbsp;<\/p>\n<p>Da ist es gut, dass es Bilderb\u00fccher gibt wie das hier vorliegende, die das Thema des Unterwegsseins und des Ankommens auf eine verfremdete, den Kindern leicht zug\u00e4ngliche Weise ansprechen und bearbeiten.<\/p>\n<p>&nbsp;<\/p>\n<p>Das bekannte und bew\u00e4hrte Autorenduo Edith Schreiber-Wicke und Carola Holland erz\u00e4hlt die Geschichte eines blauen Raben, der durch Brandrodung seine geliebte Heimat im Regenwald verliert und mit vielen anderen V\u00f6geln in letzter Minute fliehen kann vor dem t\u00f6dlichen Rauch und Staub.<\/p>\n<p>&nbsp;<\/p>\n<p>Als er ans Meer kommt, hilft ihm ein freundlicher Blauwal, der ihm eine ermutigende Gute-Nacht-Geschichte erz\u00e4hlt und den er daf\u00fcr am n\u00e4chsten Tag von Muscheln und Algen s\u00e4ubert. An Land angekommen sucht er einen Ort wo er bleiben kann, doch zwei Mal wird er von anderen Tieren ziemlich schroff abgewiesen.<\/p>\n<p>&nbsp;<\/p>\n<p>Endlich kommt\u00a0 er an einen Wald, in dem eine Schar Nebelkr\u00e4hen wohnen,\u00a0 die ihn freundlich aufnehmen\u00a0 und gespannt seinen Geschichten aus dem Regenwald lauschen.<\/p>\n<p>&nbsp;<\/p>\n<p>Ja, vielleicht ist es auch das Geschichtenerz\u00e4hlen, was fremde und einheimische Kindern einander n\u00e4her bringen wird. Mit den Erwachsenen wird es schwieriger werden, aber auch hier liegt im Teilen von Geschichten und Geschichte meiner Meinung nach der Schl\u00fcssel zum gegenseitigen Verst\u00e4ndnis und Annahme.<\/p>\n","protected":false},"excerpt":{"rendered":"<p>&nbsp; Edith Schreiber-Wicke, Carola Holland, Wer will den blauen Raben haben, Thienemann 2016, ISBN 978-3-522-45831-3 &nbsp; In diesen Zeiten, wo Millionen Menschen nicht nur in Europa auf der Flucht sind und auf der Suche nach einem neuen, sicheren Zuhause, nachdem ihr altes mit Gewalt zerst\u00f6rt wurde, erfahren auch schon kleine Kinder im Kindergarten und auf &hellip; <a href=\"https:\/\/blog.liesdoch.de\/?p=2676\" class=\"more-link\"><span class=\"screen-reader-text\">Wer will den blauben Raben haben?<\/span> weiterlesen <span class=\"meta-nav\">&rarr;<\/span><\/a><\/p>\n","protected":false},"author":6,"featured_media":0,"comment_status":"open","ping_status":"open","sticky":false,"template":"","format":"standard","meta":{"footnotes":""},"categories":[1],"tags":[33],"class_list":["post-2676","post","type-post","status-publish","format-standard","hentry","category-allgemein","tag-bilderbuch"],"_links":{"self":[{"href":"https:\/\/blog.liesdoch.de\/index.php?rest_route=\/wp\/v2\/posts\/2676","targetHints":{"allow":["GET"]}}],"collection":[{"href":"https:\/\/blog.liesdoch.de\/index.php?rest_route=\/wp\/v2\/posts"}],"about":[{"href":"https:\/\/blog.liesdoch.de\/index.php?rest_route=\/wp\/v2\/types\/post"}],"author":[{"embeddable":true,"href":"https:\/\/blog.liesdoch.de\/index.php?rest_route=\/wp\/v2\/users\/6"}],"replies":[{"embeddable":true,"href":"https:\/\/blog.liesdoch.de\/index.php?rest_route=%2Fwp%2Fv2%2Fcomments&post=2676"}],"version-history":[{"count":1,"href":"https:\/\/blog.liesdoch.de\/index.php?rest_route=\/wp\/v2\/posts\/2676\/revisions"}],"predecessor-version":[{"id":2678,"href":"https:\/\/blog.liesdoch.de\/index.php?rest_route=\/wp\/v2\/posts\/2676\/revisions\/2678"}],"wp:attachment":[{"href":"https:\/\/blog.liesdoch.de\/index.php?rest_route=%2Fwp%2Fv2%2Fmedia&parent=2676"}],"wp:term":[{"taxonomy":"category","embeddable":true,"href":"https:\/\/blog.liesdoch.de\/index.php?rest_route=%2Fwp%2Fv2%2Fcategories&post=2676"},{"taxonomy":"post_tag","embeddable":true,"href":"https:\/\/blog.liesdoch.de\/index.php?rest_route=%2Fwp%2Fv2%2Ftags&post=2676"}],"curies":[{"name":"wp","href":"https:\/\/api.w.org\/{rel}","templated":true}]}}