{"id":2693,"date":"2016-09-27T16:00:53","date_gmt":"2016-09-27T14:00:53","guid":{"rendered":"http:\/\/blog.liesdoch.de\/?p=2693"},"modified":"2016-09-27T16:00:53","modified_gmt":"2016-09-27T14:00:53","slug":"der-kleine-baer-moechte-schlafen","status":"publish","type":"post","link":"https:\/\/blog.liesdoch.de\/?p=2693","title":{"rendered":"Der kleine B\u00e4r m\u00f6chte schlafen"},"content":{"rendered":"<p>&nbsp;<\/p>\n<p>&nbsp;<\/p>\n<p>&nbsp;<\/p>\n<p>&nbsp;<\/p>\n<p><a href=\"http:\/\/blog.liesdoch.de\/wp-content\/uploads\/2016\/09\/44899157z.jpg\"><img loading=\"lazy\" decoding=\"async\" class=\"alignnone size-medium wp-image-2694\" src=\"http:\/\/blog.liesdoch.de\/wp-content\/uploads\/2016\/09\/44899157z-231x300.jpg\" alt=\"44899157z\" width=\"231\" height=\"300\" srcset=\"https:\/\/blog.liesdoch.de\/wp-content\/uploads\/2016\/09\/44899157z-231x300.jpg 231w, https:\/\/blog.liesdoch.de\/wp-content\/uploads\/2016\/09\/44899157z.jpg 324w\" sizes=\"auto, (max-width: 231px) 100vw, 231px\" \/><\/a><\/p>\n<p>&nbsp;<\/p>\n<p>Caroline Nastro, Vanya Nastanlieva, Der kleine B\u00e4r m\u00f6chte schlafen, NordS\u00fcd 2016, ISBN 978-3-314-10350-6<\/p>\n<p>&nbsp;<\/p>\n<p>Dieses wundersch\u00f6n von Vanya Nastanliva illustrierte Bilderbuch aus den USA erinnert etwas an Sabine Bohlmanns und Kerstin Schoenes \u201eGeschichte vom kleinen Siebenschl\u00e4fer, der nicht einschlafen konnte\u201c\u00a0 und ist gleichzeitig eine Hommage an Caroline Nastros Heimatstadt New York City, die Stadt, die nie schl\u00e4ft.<\/p>\n<p>&nbsp;<\/p>\n<p>Sie erz\u00e4hlt von einem kleinen B\u00e4r, der im Winter nicht einschlafen kann. Alles ist schon f\u00fcr den Winterschlaf bereit, auch seine Nachbarn ruhen, aber er findet keinen Schlaf. Da macht der kleine B\u00e4r sich auf durch den Schnee bis er in eine gro\u00dfe Stadt kommt. Dort schl\u00e4ft niemand und es gibt so viel zu entdecken. Eine Parade, die Freiheitsstatue, die Oper, das Metropolitan Museum, Schwartz &amp; Schwartz, den Laden voller Spielzeug.<\/p>\n<p>Mittlerweile sehr m\u00fcde geworden, sucht er sich bald Orte, wo er glaubt schlafen zu k\u00f6nnen. Doch eine Bank am Broadway wird bald nicht nur wegen der lauten Taxis zu unbequem, auch aus dem Naturhistorischen Museum und aus dem Central Park wird er verwiesen. Und so l\u00e4uft er weiter und weiter, bis es wieder im Wald in seiner H\u00f6hle bei seiner Mutter angelangt ist.<\/p>\n<p>Jetzt \u201egab es nur den kleinen B\u00e4ren und seine tiefen Tr\u00e4ume \u2013 und\u00a0 die leisen Ger\u00e4usche des Winters.\u201c<\/p>\n","protected":false},"excerpt":{"rendered":"<p>&nbsp; &nbsp; &nbsp; &nbsp; &nbsp; Caroline Nastro, Vanya Nastanlieva, Der kleine B\u00e4r m\u00f6chte schlafen, NordS\u00fcd 2016, ISBN 978-3-314-10350-6 &nbsp; Dieses wundersch\u00f6n von Vanya Nastanliva illustrierte Bilderbuch aus den USA erinnert etwas an Sabine Bohlmanns und Kerstin Schoenes \u201eGeschichte vom kleinen Siebenschl\u00e4fer, der nicht einschlafen konnte\u201c\u00a0 und ist gleichzeitig eine Hommage an Caroline Nastros Heimatstadt New &hellip; <a href=\"https:\/\/blog.liesdoch.de\/?p=2693\" class=\"more-link\"><span class=\"screen-reader-text\">Der kleine B\u00e4r m\u00f6chte schlafen<\/span> weiterlesen <span class=\"meta-nav\">&rarr;<\/span><\/a><\/p>\n","protected":false},"author":6,"featured_media":0,"comment_status":"open","ping_status":"open","sticky":false,"template":"","format":"standard","meta":{"footnotes":""},"categories":[1],"tags":[33],"class_list":["post-2693","post","type-post","status-publish","format-standard","hentry","category-allgemein","tag-bilderbuch"],"_links":{"self":[{"href":"https:\/\/blog.liesdoch.de\/index.php?rest_route=\/wp\/v2\/posts\/2693","targetHints":{"allow":["GET"]}}],"collection":[{"href":"https:\/\/blog.liesdoch.de\/index.php?rest_route=\/wp\/v2\/posts"}],"about":[{"href":"https:\/\/blog.liesdoch.de\/index.php?rest_route=\/wp\/v2\/types\/post"}],"author":[{"embeddable":true,"href":"https:\/\/blog.liesdoch.de\/index.php?rest_route=\/wp\/v2\/users\/6"}],"replies":[{"embeddable":true,"href":"https:\/\/blog.liesdoch.de\/index.php?rest_route=%2Fwp%2Fv2%2Fcomments&post=2693"}],"version-history":[{"count":1,"href":"https:\/\/blog.liesdoch.de\/index.php?rest_route=\/wp\/v2\/posts\/2693\/revisions"}],"predecessor-version":[{"id":2695,"href":"https:\/\/blog.liesdoch.de\/index.php?rest_route=\/wp\/v2\/posts\/2693\/revisions\/2695"}],"wp:attachment":[{"href":"https:\/\/blog.liesdoch.de\/index.php?rest_route=%2Fwp%2Fv2%2Fmedia&parent=2693"}],"wp:term":[{"taxonomy":"category","embeddable":true,"href":"https:\/\/blog.liesdoch.de\/index.php?rest_route=%2Fwp%2Fv2%2Fcategories&post=2693"},{"taxonomy":"post_tag","embeddable":true,"href":"https:\/\/blog.liesdoch.de\/index.php?rest_route=%2Fwp%2Fv2%2Ftags&post=2693"}],"curies":[{"name":"wp","href":"https:\/\/api.w.org\/{rel}","templated":true}]}}