{"id":2701,"date":"2016-09-28T07:53:53","date_gmt":"2016-09-28T05:53:53","guid":{"rendered":"http:\/\/blog.liesdoch.de\/?p=2701"},"modified":"2016-09-28T07:53:53","modified_gmt":"2016-09-28T05:53:53","slug":"kommt-die-kuh-aus-kuba","status":"publish","type":"post","link":"https:\/\/blog.liesdoch.de\/?p=2701","title":{"rendered":"Kommt die Kuh aus Kuba?"},"content":{"rendered":"<p>&nbsp;<\/p>\n<p>&nbsp;<\/p>\n<p>&nbsp;<\/p>\n<p><a href=\"http:\/\/blog.liesdoch.de\/wp-content\/uploads\/2016\/09\/44895436z.jpg\"><img loading=\"lazy\" decoding=\"async\" class=\"alignnone size-medium wp-image-2702\" src=\"http:\/\/blog.liesdoch.de\/wp-content\/uploads\/2016\/09\/44895436z-300x298.jpg\" alt=\"44895436z\" width=\"300\" height=\"298\" srcset=\"https:\/\/blog.liesdoch.de\/wp-content\/uploads\/2016\/09\/44895436z-300x298.jpg 300w, https:\/\/blog.liesdoch.de\/wp-content\/uploads\/2016\/09\/44895436z-150x150.jpg 150w, https:\/\/blog.liesdoch.de\/wp-content\/uploads\/2016\/09\/44895436z.jpg 475w\" sizes=\"auto, (max-width: 300px) 100vw, 300px\" \/><\/a><\/p>\n<p>&nbsp;<\/p>\n<p>Hubert Schirneck, Ina Hattenhauer, Kommt die Kuh aus Kuba, Annette Betz 2016, ISBN 978-3-219-11697-7<\/p>\n<p>&nbsp;<\/p>\n<p>Wenn ein Kind aufw\u00e4chst und mit jedem Lebensjahr mehr seine Muttersprache lernt und seinen Sprachschatz erweitert, dann kommt es irgendwann immer wieder mal ins Nachdenken dar\u00fcber, wie so manches der W\u00f6rter, die es verwendet, \u00fcberhaupt entstanden sind, und auch dar\u00fcber, was w\u00e4re, wenn es sie nicht g\u00e4be.<\/p>\n<p>&nbsp;<\/p>\n<p>Wie ist es zum Bespiel zu dem Wort Wetter gekommen, oder Kuh oder Sommer?\u00a0 Hat sie jemand erfunden und warum?<\/p>\n<p>Mit wunderbaren und witzigen Bildern von Ina Hattenhauer illustriert, geht Hubert Schirneck auf lustige und hintersinnige Weise\u00a0 insgesamt zw\u00f6lf\u00a0 Begriffen nach und beschreibt, warum jeder von ihnen eine tolle Erfindung ist und was uns alles fehlen w\u00fcrde, wenn es diesen Begriff nicht g\u00e4be.<\/p>\n<p>&nbsp;<\/p>\n<p>Das Buch vermittelt, wie reich an Bedeutung unsere Sprache ist und l\u00e4dt Vorleser und Kinder ein, mit anderen neuen Begriffen \u00e4hnliche sprachliche Entdeckungsreisen zu unternehmen wie Hubert Schirneck. Bilder d\u00fcrfen ruhig auch gerne dazu gemalt werden.<\/p>\n<p>&nbsp;<\/p>\n","protected":false},"excerpt":{"rendered":"<p>&nbsp; &nbsp; &nbsp; &nbsp; Hubert Schirneck, Ina Hattenhauer, Kommt die Kuh aus Kuba, Annette Betz 2016, ISBN 978-3-219-11697-7 &nbsp; Wenn ein Kind aufw\u00e4chst und mit jedem Lebensjahr mehr seine Muttersprache lernt und seinen Sprachschatz erweitert, dann kommt es irgendwann immer wieder mal ins Nachdenken dar\u00fcber, wie so manches der W\u00f6rter, die es verwendet, \u00fcberhaupt entstanden &hellip; <a href=\"https:\/\/blog.liesdoch.de\/?p=2701\" class=\"more-link\"><span class=\"screen-reader-text\">Kommt die Kuh aus Kuba?<\/span> weiterlesen <span class=\"meta-nav\">&rarr;<\/span><\/a><\/p>\n","protected":false},"author":6,"featured_media":0,"comment_status":"open","ping_status":"open","sticky":false,"template":"","format":"standard","meta":{"footnotes":""},"categories":[1],"tags":[33],"class_list":["post-2701","post","type-post","status-publish","format-standard","hentry","category-allgemein","tag-bilderbuch"],"_links":{"self":[{"href":"https:\/\/blog.liesdoch.de\/index.php?rest_route=\/wp\/v2\/posts\/2701","targetHints":{"allow":["GET"]}}],"collection":[{"href":"https:\/\/blog.liesdoch.de\/index.php?rest_route=\/wp\/v2\/posts"}],"about":[{"href":"https:\/\/blog.liesdoch.de\/index.php?rest_route=\/wp\/v2\/types\/post"}],"author":[{"embeddable":true,"href":"https:\/\/blog.liesdoch.de\/index.php?rest_route=\/wp\/v2\/users\/6"}],"replies":[{"embeddable":true,"href":"https:\/\/blog.liesdoch.de\/index.php?rest_route=%2Fwp%2Fv2%2Fcomments&post=2701"}],"version-history":[{"count":1,"href":"https:\/\/blog.liesdoch.de\/index.php?rest_route=\/wp\/v2\/posts\/2701\/revisions"}],"predecessor-version":[{"id":2703,"href":"https:\/\/blog.liesdoch.de\/index.php?rest_route=\/wp\/v2\/posts\/2701\/revisions\/2703"}],"wp:attachment":[{"href":"https:\/\/blog.liesdoch.de\/index.php?rest_route=%2Fwp%2Fv2%2Fmedia&parent=2701"}],"wp:term":[{"taxonomy":"category","embeddable":true,"href":"https:\/\/blog.liesdoch.de\/index.php?rest_route=%2Fwp%2Fv2%2Fcategories&post=2701"},{"taxonomy":"post_tag","embeddable":true,"href":"https:\/\/blog.liesdoch.de\/index.php?rest_route=%2Fwp%2Fv2%2Ftags&post=2701"}],"curies":[{"name":"wp","href":"https:\/\/api.w.org\/{rel}","templated":true}]}}