{"id":2709,"date":"2016-09-28T13:06:13","date_gmt":"2016-09-28T11:06:13","guid":{"rendered":"http:\/\/blog.liesdoch.de\/?p=2709"},"modified":"2016-09-28T13:06:13","modified_gmt":"2016-09-28T11:06:13","slug":"burnout-und-dann","status":"publish","type":"post","link":"https:\/\/blog.liesdoch.de\/?p=2709","title":{"rendered":"Burnout und dann"},"content":{"rendered":"<p>&nbsp;<\/p>\n<p>&nbsp;<\/p>\n<p>&nbsp;<\/p>\n<p><a href=\"http:\/\/blog.liesdoch.de\/wp-content\/uploads\/2016\/09\/44125415z.jpg\"><img loading=\"lazy\" decoding=\"async\" class=\"alignnone size-medium wp-image-2710\" src=\"http:\/\/blog.liesdoch.de\/wp-content\/uploads\/2016\/09\/44125415z-202x300.jpg\" alt=\"44125415z\" width=\"202\" height=\"300\" srcset=\"https:\/\/blog.liesdoch.de\/wp-content\/uploads\/2016\/09\/44125415z-202x300.jpg 202w, https:\/\/blog.liesdoch.de\/wp-content\/uploads\/2016\/09\/44125415z.jpg 320w\" sizes=\"auto, (max-width: 202px) 100vw, 202px\" \/><\/a><\/p>\n<p>Carola Kleinschmidt, Burnout und dann, K\u00f6sel 2016, ISBN 978-3-466-34636-3<\/p>\n<p>&nbsp;<\/p>\n<p>\u201eWie das Leben nach der Krise weitergeht\u201c ist der Untertitel des vorliegenden Buches und die wichtigste Frage f\u00fcr all diejenigen Menschen, die oft nach langer Leidenszeit und mit hoffentlich guter professioneller Betreuung wieder ins Leben und ihren meist ver\u00e4nderten Alltag zur\u00fcckgefunden haben. Denn darum geht es haupts\u00e4chlich: nicht die gleichen Fehler wieder zu machen, nicht wieder in die Ersch\u00f6pfungsfalle zu tappen.<\/p>\n<p>&nbsp;<\/p>\n<p>Carola Kleinschmidt, die Autorin dieses verst\u00e4ndlichen Buches hat viele Menschen w\u00e4hrend und nach einem Burnout als Trainerin und Coach begleitet. Mit vielen Fallbeispielen und deshalb sehr aufschlussreich geht sie in ihrem Buch immer wieder folgenden Fragen nach:<\/p>\n<ul>\n<li>Wie komme ich ins Leben zur\u00fcck?<\/li>\n<li>Was muss ich wirklich \u00e4ndern?<\/li>\n<li>Wie gestalte ich mein Leben, damit Energie und Lebensfreude dauerhaft Platz haben?<\/li>\n<\/ul>\n<p>Doch nicht nur f\u00fcr Menschen, die einen Burnout gerade hinter sich haben (und deren Angeh\u00f6rige) ist dieses Buch von gro\u00dfem praktischen Wert, sondern auch f\u00fcr Menschen, die vielleicht schon seit langem sp\u00fcren, dass ihr Lebensakku langsam zur Neige geht, die sich ernsthaft Sorgen um ihre seelische Gesundheit machen.<\/p>\n<p>&nbsp;<\/p>\n<p>Die k\u00f6nnen im ersten Teil des Buches erfahren, ob sie sie zu den Gruppen von Menschen geh\u00f6ren, die von\u00a0 einem Burnout bedroht sind aufgrund ihres Charakters und ihrer Lebenseinstellung. Sie k\u00f6nnen selbstkritisch fragen, ob sie zu einer der folgenden Gruppen geh\u00f6ren und sich nach kritischer Selbstdiagnose ggf. professionelle Hilfe holen, bevor der Zusammenbruch kommt:<\/p>\n<ul>\n<li>Die Aktionistischen: von Menschen, die immer dachten ihr Akku lade sich von allein auf<\/li>\n<li>Die Multitasker: von der M\u00fchsal der Doppelbelastung als Eltern<\/li>\n<li>Burnout-Falle alleinerziehend: Wenn pl\u00f6tzlich einer alles allein stemmen muss<\/li>\n<li>Die Helfenden: von Menschen, die viel f\u00fcr andere und wenig f\u00fcr sich selbst taten<\/li>\n<li>Die Perfektionisten: von Menschen, die \u201ehalbe Sachen\u201c strikt ablehnen<\/li>\n<li>So jung \u2013 und schon ausgebrannt? Von \u00fcberzogenen Leistungsidealen bei Sch\u00fclern und Studenten<\/li>\n<li>Die Erfolgsgetriebenen: wenn das Lebensmotto \u201eIch leiste, also bin ich!\u201c lautete<\/li>\n<li>Die K\u00f6rperfremden: Von Menschen, die sich wenig sp\u00fcrten und deshalb st\u00e4ndig \u00fcber ihre Grenzen gingen<\/li>\n<\/ul>\n<p>&nbsp;<\/p>\n<p>Von allen diesen Gruppen bringt sie Beispiele von Menschen, die sie betreut hat, erkl\u00e4rt die spezifischen Burnout-Fallen und beschreibt den oft schweren Weg aus dem Tal heraus \u00a0und gibt viele hilfreiche Anregungen und Hinweise, was diese Menschen bei ihrem Wiedereinstieg ins Leben beachten bzw. lassen sollten.<\/p>\n<p>&nbsp;<\/p>\n<p>Sehr eindrucksvoll beschreibt sie, wie der Alltag nach der Krise aussehen kann und was wirklich hilft, nicht wieder von neuem auszubrennen.<\/p>\n<p>&nbsp;<\/p>\n<p>Ein hilfreiches, ermutigendes Buch, das ein anhaltend positives Lebensgef\u00fchl vermitteln m\u00f6chte.<\/p>\n","protected":false},"excerpt":{"rendered":"<p>&nbsp; &nbsp; &nbsp; Carola Kleinschmidt, Burnout und dann, K\u00f6sel 2016, ISBN 978-3-466-34636-3 &nbsp; \u201eWie das Leben nach der Krise weitergeht\u201c ist der Untertitel des vorliegenden Buches und die wichtigste Frage f\u00fcr all diejenigen Menschen, die oft nach langer Leidenszeit und mit hoffentlich guter professioneller Betreuung wieder ins Leben und ihren meist ver\u00e4nderten Alltag zur\u00fcckgefunden haben. &hellip; <a href=\"https:\/\/blog.liesdoch.de\/?p=2709\" class=\"more-link\"><span class=\"screen-reader-text\">Burnout und dann<\/span> weiterlesen <span class=\"meta-nav\">&rarr;<\/span><\/a><\/p>\n","protected":false},"author":6,"featured_media":0,"comment_status":"open","ping_status":"open","sticky":false,"template":"","format":"standard","meta":{"footnotes":""},"categories":[1],"tags":[],"class_list":["post-2709","post","type-post","status-publish","format-standard","hentry","category-allgemein"],"_links":{"self":[{"href":"https:\/\/blog.liesdoch.de\/index.php?rest_route=\/wp\/v2\/posts\/2709","targetHints":{"allow":["GET"]}}],"collection":[{"href":"https:\/\/blog.liesdoch.de\/index.php?rest_route=\/wp\/v2\/posts"}],"about":[{"href":"https:\/\/blog.liesdoch.de\/index.php?rest_route=\/wp\/v2\/types\/post"}],"author":[{"embeddable":true,"href":"https:\/\/blog.liesdoch.de\/index.php?rest_route=\/wp\/v2\/users\/6"}],"replies":[{"embeddable":true,"href":"https:\/\/blog.liesdoch.de\/index.php?rest_route=%2Fwp%2Fv2%2Fcomments&post=2709"}],"version-history":[{"count":1,"href":"https:\/\/blog.liesdoch.de\/index.php?rest_route=\/wp\/v2\/posts\/2709\/revisions"}],"predecessor-version":[{"id":2711,"href":"https:\/\/blog.liesdoch.de\/index.php?rest_route=\/wp\/v2\/posts\/2709\/revisions\/2711"}],"wp:attachment":[{"href":"https:\/\/blog.liesdoch.de\/index.php?rest_route=%2Fwp%2Fv2%2Fmedia&parent=2709"}],"wp:term":[{"taxonomy":"category","embeddable":true,"href":"https:\/\/blog.liesdoch.de\/index.php?rest_route=%2Fwp%2Fv2%2Fcategories&post=2709"},{"taxonomy":"post_tag","embeddable":true,"href":"https:\/\/blog.liesdoch.de\/index.php?rest_route=%2Fwp%2Fv2%2Ftags&post=2709"}],"curies":[{"name":"wp","href":"https:\/\/api.w.org\/{rel}","templated":true}]}}