{"id":2713,"date":"2016-09-28T13:21:56","date_gmt":"2016-09-28T11:21:56","guid":{"rendered":"http:\/\/blog.liesdoch.de\/?p=2713"},"modified":"2016-09-28T13:21:56","modified_gmt":"2016-09-28T11:21:56","slug":"wir-schaffen-es-nicht","status":"publish","type":"post","link":"https:\/\/blog.liesdoch.de\/?p=2713","title":{"rendered":"Wir schaffen es nicht"},"content":{"rendered":"<p>&nbsp;<\/p>\n<p>&nbsp;<\/p>\n<p><a href=\"http:\/\/blog.liesdoch.de\/wp-content\/uploads\/2016\/09\/45083080z.jpg\"><img loading=\"lazy\" decoding=\"async\" class=\"alignnone size-medium wp-image-2714\" src=\"http:\/\/blog.liesdoch.de\/wp-content\/uploads\/2016\/09\/45083080z-192x300.jpg\" alt=\"45083080z\" width=\"192\" height=\"300\" srcset=\"https:\/\/blog.liesdoch.de\/wp-content\/uploads\/2016\/09\/45083080z-192x300.jpg 192w, https:\/\/blog.liesdoch.de\/wp-content\/uploads\/2016\/09\/45083080z.jpg 305w\" sizes=\"auto, (max-width: 192px) 100vw, 192px\" \/><\/a><\/p>\n<p>Katja Schneidt, Wir schaffen es nicht, Riva 2016, ISBN 978-3-86883-998-2<\/p>\n<p>&nbsp;<\/p>\n<p>Dieses Buch der schon durch andere Publikationen einer gr\u00f6\u00dferen \u00d6ffentlichkeit bekannten Fl\u00fcchtlingshelferin Katja Schneidt,\u00a0 erkl\u00e4rt in einer differenzierten Offenheit und Ehrlichkeit, die man so detailliert bisher nicht zu lesen bekam, \u201ewarum die Fl\u00fcchtlingskrise Deutschland \u00fcberfordert\u201c.<\/p>\n<p>&nbsp;<\/p>\n<p>Es ist nicht nur eine v\u00f6llig undurchdachte und unorganisierte Fl\u00fcchtlingspolitik, die sie daf\u00fcr verantwortlich macht.\u00a0 Sie beschreibt auch die \u00dcberforderung der Politik, der Verwaltung und der Beh\u00f6rden, mit einer derart gro\u00dfen Zahl von Menschen, ihrer Versorgung, Unterbringung und Integration.<\/p>\n<p>&nbsp;<\/p>\n<p>Und sie benennt, das in weiten Teilen der \u00d6ffentlichkeit herrschende Denkverbot missachtend, weitere Gr\u00fcnde. Sie beschreibt, wie wehrlos der deutsche Staat und seine Institutionen denjenigen gegen\u00fcber sind, die unsere Gastfreundschaft verwechseln mit einem Selbstbedienungsladen. Sie benennt den Islam und seine Kultur als die Ursache f\u00fcr das gro\u00dfe Unverst\u00e4ndnis, das viele Fl\u00fcchtlinge unserer Kultur gegen\u00fcber zeigen.<\/p>\n<p>&nbsp;<\/p>\n<p>Doch sie benennt nicht nur die Probleme (Kritiker werden ihr nat\u00fcrlich vorwerfen, sie spiele damit der AfD in die H\u00e4nde), sondern sie macht auch Vorschl\u00e4ge, was sich \u00e4ndern muss, dass all diese Menschen bei uns wirklich ankommen und unsere Gesellschaft auch von den neuen Mitb\u00fcrgern profitiert.<\/p>\n<p>&nbsp;<\/p>\n<p>Dennoch hinterl\u00e4sst das Buch bei mir eine tiefe Skepsis, vor allen Dingen durch Katja Schneidts von pers\u00f6nlicher Erfahrung gepr\u00e4gte Beschreibungen des Islams und seiner Regeln.<\/p>\n<p>&nbsp;<\/p>\n<p>In der Vergangenheit dachte ich oft, ein reformierter Islam k\u00f6nne in unserer Gesellschaft ankommen und einen wichtigen Beitrag leisten. In letzter Zeit aber zweifele ich daran immer mehr. Will er sich nicht selbst verraten, wird der Islam immer danach streben, seine Herrschaft auszudehnen und er wird keine wie auch immer geartete \u00d6kumene der Religionen dulden und letztlich auch keine andere Rechte als seine.<\/p>\n<p>&nbsp;<\/p>\n<p>Wir werden deswegen noch gro\u00dfe Probleme bekommen in den n\u00e4chsten Jahren und Jahrzehnten.<\/p>\n<p>&nbsp;<\/p>\n<p>&nbsp;<\/p>\n","protected":false},"excerpt":{"rendered":"<p>&nbsp; &nbsp; Katja Schneidt, Wir schaffen es nicht, Riva 2016, ISBN 978-3-86883-998-2 &nbsp; Dieses Buch der schon durch andere Publikationen einer gr\u00f6\u00dferen \u00d6ffentlichkeit bekannten Fl\u00fcchtlingshelferin Katja Schneidt,\u00a0 erkl\u00e4rt in einer differenzierten Offenheit und Ehrlichkeit, die man so detailliert bisher nicht zu lesen bekam, \u201ewarum die Fl\u00fcchtlingskrise Deutschland \u00fcberfordert\u201c. &nbsp; Es ist nicht nur eine v\u00f6llig &hellip; <a href=\"https:\/\/blog.liesdoch.de\/?p=2713\" class=\"more-link\"><span class=\"screen-reader-text\">Wir schaffen es nicht<\/span> weiterlesen <span class=\"meta-nav\">&rarr;<\/span><\/a><\/p>\n","protected":false},"author":6,"featured_media":0,"comment_status":"open","ping_status":"open","sticky":false,"template":"","format":"standard","meta":{"footnotes":""},"categories":[1],"tags":[],"class_list":["post-2713","post","type-post","status-publish","format-standard","hentry","category-allgemein"],"_links":{"self":[{"href":"https:\/\/blog.liesdoch.de\/index.php?rest_route=\/wp\/v2\/posts\/2713","targetHints":{"allow":["GET"]}}],"collection":[{"href":"https:\/\/blog.liesdoch.de\/index.php?rest_route=\/wp\/v2\/posts"}],"about":[{"href":"https:\/\/blog.liesdoch.de\/index.php?rest_route=\/wp\/v2\/types\/post"}],"author":[{"embeddable":true,"href":"https:\/\/blog.liesdoch.de\/index.php?rest_route=\/wp\/v2\/users\/6"}],"replies":[{"embeddable":true,"href":"https:\/\/blog.liesdoch.de\/index.php?rest_route=%2Fwp%2Fv2%2Fcomments&post=2713"}],"version-history":[{"count":1,"href":"https:\/\/blog.liesdoch.de\/index.php?rest_route=\/wp\/v2\/posts\/2713\/revisions"}],"predecessor-version":[{"id":2715,"href":"https:\/\/blog.liesdoch.de\/index.php?rest_route=\/wp\/v2\/posts\/2713\/revisions\/2715"}],"wp:attachment":[{"href":"https:\/\/blog.liesdoch.de\/index.php?rest_route=%2Fwp%2Fv2%2Fmedia&parent=2713"}],"wp:term":[{"taxonomy":"category","embeddable":true,"href":"https:\/\/blog.liesdoch.de\/index.php?rest_route=%2Fwp%2Fv2%2Fcategories&post=2713"},{"taxonomy":"post_tag","embeddable":true,"href":"https:\/\/blog.liesdoch.de\/index.php?rest_route=%2Fwp%2Fv2%2Ftags&post=2713"}],"curies":[{"name":"wp","href":"https:\/\/api.w.org\/{rel}","templated":true}]}}