{"id":280,"date":"2015-07-01T12:04:03","date_gmt":"2015-07-01T10:04:03","guid":{"rendered":"http:\/\/blog.liesdoch.de\/?p=280"},"modified":"2015-07-01T12:04:03","modified_gmt":"2015-07-01T10:04:03","slug":"kindheit-in-truemmern","status":"publish","type":"post","link":"https:\/\/blog.liesdoch.de\/?p=280","title":{"rendered":"Kindheit in Tr\u00fcmmern"},"content":{"rendered":"<p>&nbsp;<\/p>\n<p><a href=\"http:\/\/blog.liesdoch.de\/wp-content\/uploads\/2015\/07\/41409099n.jpg\"><img loading=\"lazy\" decoding=\"async\" class=\"alignnone size-full wp-image-281\" src=\"http:\/\/blog.liesdoch.de\/wp-content\/uploads\/2015\/07\/41409099n.jpg\" alt=\"41409099n\" width=\"190\" height=\"246\" \/><\/a><\/p>\n<p>&nbsp;<\/p>\n<p>Barbara Warning, Kindheit in Tr\u00fcmmern, Ravensburger Verlag 2015, ISBN 978-3-473-55375-4<\/p>\n<p>&nbsp;<\/p>\n<p>\u201eWir sind die Letzten.<\/p>\n<p>Fragt uns aus.<\/p>\n<p>Wir sind zust\u00e4ndig.<\/p>\n<p>Wir tragen den Zettelkasten<\/p>\n<p>mit den Steckbriefen unserer Freunde<\/p>\n<p>wie einen Bauchladen vor uns her.<\/p>\n<p>Forschungsinstitute bewerben sich<\/p>\n<p>um W\u00e4scherechnungen Verschollener,<\/p>\n<p>Museen bewahren die Stichworte unserer Agonie<\/p>\n<p>Wie Reliquien unter Glas auf.<\/p>\n<p>Wir, die wir unsere Zeit vertr\u00f6delten,<\/p>\n<p>aus begreiflichen Gr\u00fcnden,<\/p>\n<p>sind zu Tr\u00f6dlern des Unbegreiflichen geworden.<\/p>\n<p>Unser Schicksal steht unter Denkmalschutz.<\/p>\n<p>Unser bester Kunde ist das<\/p>\n<p>schlechte Gewissen der Nachwelt.<\/p>\n<p>Greift zu, bedient euch.<\/p>\n<p>Wir sind die Letzten.<\/p>\n<p>Fragt uns aus.<\/p>\n<p>Wir sind zust\u00e4ndig.\u201c<\/p>\n<p>Mit diesem Gedicht von Hans Sahl leitet Barbara Warning ihren empfehlenswerten Sammelband mit Zeitzeugnissen aus der Zeit des Zweiten Weltkrieges und den ersten Jahren der Nachkriegszeit ein.<\/p>\n<p>Sie hat sie befragt, jenen \u201eLetzten\u201c, wie als Kinder den Krieg, die Vertreibung und das Leben in den Tr\u00fcmmern erlebten, die ihre Gro\u00dfeltern und Eltern ihnen mit ihrer fanatischen Begeisterung f\u00fcr Adolf Hitler hinterlassen haben. Einf\u00fchlsam und ausf\u00fchrlich l\u00e4sst sie sie zu Wort kommen und es zeigt sich immer wieder, f\u00fcr heutige Kinder kaum vorstellbar, welch tiefe Spuren Krieg und Not im Leben derer hinterlassen haben, dien in dieser Zeit die pr\u00e4gendsten Jahre ihres Leben erlebten.<\/p>\n<p>In Einzelschicksalen wird Geschichte lebendig gemacht und so den jungen Lesern begreiflich. Das Buch \u00f6ffnet aber auch den Blick f\u00fcr die Not heutiger Kriegskinder und mahnt zum Engagement f\u00fcr den Frieden auf der Welt.<\/p>\n","protected":false},"excerpt":{"rendered":"<p>&nbsp; &nbsp; Barbara Warning, Kindheit in Tr\u00fcmmern, Ravensburger Verlag 2015, ISBN 978-3-473-55375-4 &nbsp; \u201eWir sind die Letzten. Fragt uns aus. Wir sind zust\u00e4ndig. Wir tragen den Zettelkasten mit den Steckbriefen unserer Freunde wie einen Bauchladen vor uns her. Forschungsinstitute bewerben sich um W\u00e4scherechnungen Verschollener, Museen bewahren die Stichworte unserer Agonie Wie Reliquien unter Glas auf. &hellip; <a href=\"https:\/\/blog.liesdoch.de\/?p=280\" class=\"more-link\"><span class=\"screen-reader-text\">Kindheit in Tr\u00fcmmern<\/span> weiterlesen <span class=\"meta-nav\">&rarr;<\/span><\/a><\/p>\n","protected":false},"author":6,"featured_media":0,"comment_status":"open","ping_status":"open","sticky":false,"template":"","format":"standard","meta":{"footnotes":""},"categories":[1],"tags":[112,111],"class_list":["post-280","post","type-post","status-publish","format-standard","hentry","category-allgemein","tag-kriegskinder","tag-nachkriegszeit"],"_links":{"self":[{"href":"https:\/\/blog.liesdoch.de\/index.php?rest_route=\/wp\/v2\/posts\/280","targetHints":{"allow":["GET"]}}],"collection":[{"href":"https:\/\/blog.liesdoch.de\/index.php?rest_route=\/wp\/v2\/posts"}],"about":[{"href":"https:\/\/blog.liesdoch.de\/index.php?rest_route=\/wp\/v2\/types\/post"}],"author":[{"embeddable":true,"href":"https:\/\/blog.liesdoch.de\/index.php?rest_route=\/wp\/v2\/users\/6"}],"replies":[{"embeddable":true,"href":"https:\/\/blog.liesdoch.de\/index.php?rest_route=%2Fwp%2Fv2%2Fcomments&post=280"}],"version-history":[{"count":1,"href":"https:\/\/blog.liesdoch.de\/index.php?rest_route=\/wp\/v2\/posts\/280\/revisions"}],"predecessor-version":[{"id":282,"href":"https:\/\/blog.liesdoch.de\/index.php?rest_route=\/wp\/v2\/posts\/280\/revisions\/282"}],"wp:attachment":[{"href":"https:\/\/blog.liesdoch.de\/index.php?rest_route=%2Fwp%2Fv2%2Fmedia&parent=280"}],"wp:term":[{"taxonomy":"category","embeddable":true,"href":"https:\/\/blog.liesdoch.de\/index.php?rest_route=%2Fwp%2Fv2%2Fcategories&post=280"},{"taxonomy":"post_tag","embeddable":true,"href":"https:\/\/blog.liesdoch.de\/index.php?rest_route=%2Fwp%2Fv2%2Ftags&post=280"}],"curies":[{"name":"wp","href":"https:\/\/api.w.org\/{rel}","templated":true}]}}