{"id":2801,"date":"2016-10-12T09:33:05","date_gmt":"2016-10-12T07:33:05","guid":{"rendered":"http:\/\/blog.liesdoch.de\/?p=2801"},"modified":"2016-10-12T09:33:05","modified_gmt":"2016-10-12T07:33:05","slug":"das-gute-daran","status":"publish","type":"post","link":"https:\/\/blog.liesdoch.de\/?p=2801","title":{"rendered":"Das Gute daran"},"content":{"rendered":"<p>&nbsp;<\/p>\n<p><a href=\"http:\/\/blog.liesdoch.de\/wp-content\/uploads\/2016\/10\/44965421z.jpg\"><img loading=\"lazy\" decoding=\"async\" class=\"alignnone size-medium wp-image-2802\" src=\"http:\/\/blog.liesdoch.de\/wp-content\/uploads\/2016\/10\/44965421z-226x300.jpg\" alt=\"44965421z\" width=\"226\" height=\"300\" srcset=\"https:\/\/blog.liesdoch.de\/wp-content\/uploads\/2016\/10\/44965421z-226x300.jpg 226w, https:\/\/blog.liesdoch.de\/wp-content\/uploads\/2016\/10\/44965421z.jpg 317w\" sizes=\"auto, (max-width: 226px) 100vw, 226px\" \/><\/a><\/p>\n<p>Anne Rickert, Sabine Heine, Das Gute daran, Tyrolia 2016, ISBN 978-3-7022-3519-2<\/p>\n<p>&nbsp;<\/p>\n<p>Immer mehr Kinder sind davon betroffen, wenn sich ihre Eltern trennen oder scheiden lassen. In den meisten F\u00e4llen wird entschieden, dass sie bei der Mutter bleiben und etwa alle 14 Tage ein Wochenende beim Vater sein k\u00f6nnen. F\u00fcr die Ferienzeiten gelten separate Regelungen.<\/p>\n<p>&nbsp;<\/p>\n<p>Da die Trennung der Eltern f\u00fcr jedes Kind in jedem Alter ab etwa dem Kindergarten ein heftiger Einschnitt in ihrem Leben ist, den sie nur schwer verdauen k\u00f6nnen und dessen Folge nicht selten ein Leistungsabfall in der Schule und Verhaltensver\u00e4nderungen sind, wird allenthalben viel dar\u00fcber r\u00e4soniert, wie sehr die Kinder darunter leiden m\u00fcssen.<\/p>\n<p>&nbsp;<\/p>\n<p>Nun kann man aber die Tatsache, dass sich Ehepaare und Eltern trennen und scheiden lassen nicht aus der Welt schaffen und es gibt auch viele gute Ratgeber und Erfahrungsberichte aus Patchworkfamilien.<\/p>\n<p>&nbsp;<\/p>\n<p>Doch die betroffenen Kinder m\u00fcssen irgendwie damit klarkommen. Anne Rickert (Text) und Sabine Heine (Illustrationen) haben deshalb ein Bilderbuch gemacht, in dem ein Kind (es geht noch in den Kindergarten) anderen Kindern, die dieses Buch betrachten und vorgelesen bekommen, erz\u00e4hlt, was das Gute daran ist, dass Mama und Papa nun in zwei getrennten Wohnungen leben. Zun\u00e4chst: sie sind wieder gl\u00fccklich und streiten nicht mehr, wenn sie sich begegnen. Das Kind hat zwei Kinderzimmer.\u00a0 Sein Papa hat, wenn er bei ihm ist, viel mehr Zeit als fr\u00fcher. Das Kind genie\u00dft und sch\u00e4tzt die unterschiedlichen Lebensweisen und Regeln von Papa und Mama und sp\u00fcrt, dass beide stolz auf es sind.<\/p>\n<p>&nbsp;<\/p>\n<p>Das Bilderbuch nimmt die Tatsache der Trennung ernst, bewertet sie nicht und betont mit viel Humor und Einf\u00fchlungsverm\u00f6gen, dass es immer auf die Geborgenheit ankommt, und auf die Perspektive, aus der man die Dinge sieht.<\/p>\n","protected":false},"excerpt":{"rendered":"<p>&nbsp; Anne Rickert, Sabine Heine, Das Gute daran, Tyrolia 2016, ISBN 978-3-7022-3519-2 &nbsp; Immer mehr Kinder sind davon betroffen, wenn sich ihre Eltern trennen oder scheiden lassen. In den meisten F\u00e4llen wird entschieden, dass sie bei der Mutter bleiben und etwa alle 14 Tage ein Wochenende beim Vater sein k\u00f6nnen. F\u00fcr die Ferienzeiten gelten separate &hellip; <a href=\"https:\/\/blog.liesdoch.de\/?p=2801\" class=\"more-link\"><span class=\"screen-reader-text\">Das Gute daran<\/span> weiterlesen <span class=\"meta-nav\">&rarr;<\/span><\/a><\/p>\n","protected":false},"author":6,"featured_media":0,"comment_status":"open","ping_status":"open","sticky":false,"template":"","format":"standard","meta":{"footnotes":""},"categories":[1],"tags":[33],"class_list":["post-2801","post","type-post","status-publish","format-standard","hentry","category-allgemein","tag-bilderbuch"],"_links":{"self":[{"href":"https:\/\/blog.liesdoch.de\/index.php?rest_route=\/wp\/v2\/posts\/2801","targetHints":{"allow":["GET"]}}],"collection":[{"href":"https:\/\/blog.liesdoch.de\/index.php?rest_route=\/wp\/v2\/posts"}],"about":[{"href":"https:\/\/blog.liesdoch.de\/index.php?rest_route=\/wp\/v2\/types\/post"}],"author":[{"embeddable":true,"href":"https:\/\/blog.liesdoch.de\/index.php?rest_route=\/wp\/v2\/users\/6"}],"replies":[{"embeddable":true,"href":"https:\/\/blog.liesdoch.de\/index.php?rest_route=%2Fwp%2Fv2%2Fcomments&post=2801"}],"version-history":[{"count":1,"href":"https:\/\/blog.liesdoch.de\/index.php?rest_route=\/wp\/v2\/posts\/2801\/revisions"}],"predecessor-version":[{"id":2803,"href":"https:\/\/blog.liesdoch.de\/index.php?rest_route=\/wp\/v2\/posts\/2801\/revisions\/2803"}],"wp:attachment":[{"href":"https:\/\/blog.liesdoch.de\/index.php?rest_route=%2Fwp%2Fv2%2Fmedia&parent=2801"}],"wp:term":[{"taxonomy":"category","embeddable":true,"href":"https:\/\/blog.liesdoch.de\/index.php?rest_route=%2Fwp%2Fv2%2Fcategories&post=2801"},{"taxonomy":"post_tag","embeddable":true,"href":"https:\/\/blog.liesdoch.de\/index.php?rest_route=%2Fwp%2Fv2%2Ftags&post=2801"}],"curies":[{"name":"wp","href":"https:\/\/api.w.org\/{rel}","templated":true}]}}